{"id":10288,"date":"2022-04-01T01:11:00","date_gmt":"2022-04-01T01:11:00","guid":{"rendered":"https:\/\/lajueya.net\/?p=10288"},"modified":"2022-03-31T08:08:05","modified_gmt":"2022-03-31T08:08:05","slug":"memorias-de-la-mili-en-africa","status":"publish","type":"post","link":"https:\/\/lajueya.net\/index.php\/2022\/04\/01\/memorias-de-la-mili-en-africa\/","title":{"rendered":"Memorias de la mili en \u00c1frica"},"content":{"rendered":"\n<p>Jes\u00fas con algunos compa\u00f1eros frente a un coche del campamento<\/p>\n\n\n\n<p><strong>Irati Aranzeta Sacrist\u00e1n, Jimena Arena Barreiro y Silvia Gonz\u00e1lez Ramil<\/strong><\/p>\n\n\n\n<p>El servicio militar obligatorio, popularmente conocido como &#8216;la mili&#8217;, ya ha pasado a formar parte de nuestra historia. Sin embargo, hace apenas solo veintitr\u00e9s a\u00f1os los j\u00f3venes espa\u00f1oles eran  convocados al entrenamiento militar a excepci\u00f3n de algunos casos particulares, como el de personas que sufr\u00edan alguna discapacidad, por ejemplo, el de quienes ten\u00edan alg\u00fan familiar a su cargo o el de aquellos cuya profesi\u00f3n era de necesidad primordial. <\/p>\n\n\n\n<p><\/p>\n\n\n\n<div class=\"wp-block-media-text alignwide is-stacked-on-mobile\" style=\"grid-template-columns:42% auto\"><figure class=\"wp-block-media-text__media\"><img loading=\"lazy\" decoding=\"async\" width=\"591\" height=\"835\" src=\"https:\/\/lajueya.net\/wp-content\/uploads\/2022\/03\/Jesus-delante-de-un-camello-en-el-desierto-del-Sahara.jpg\" alt=\"\" class=\"wp-image-10329 size-full\" srcset=\"https:\/\/lajueya.net\/wp-content\/uploads\/2022\/03\/Jesus-delante-de-un-camello-en-el-desierto-del-Sahara.jpg 591w, https:\/\/lajueya.net\/wp-content\/uploads\/2022\/03\/Jesus-delante-de-un-camello-en-el-desierto-del-Sahara-480x678.jpg 480w\" sizes=\"(min-width: 0px) and (max-width: 480px) 480px, (min-width: 481px) 591px, 100vw\" \/><\/figure><div class=\"wp-block-media-text__content\">\n<p class=\"has-small-font-size\">Jes\u00fas Barreiro V\u00e1zquez, nacido en Galicia\u00a0 en 1943, fue destinado al desierto del Sahara, para realizar la mili en 1964. Con tan s\u00f3lo veinti\u00fan a\u00f1os, Jes\u00fas emprendi\u00f3 un largo viaje en tren, con una duraci\u00f3n de ocho d\u00edas, partiendo desde su ciudad natal, Santiago.<\/p>\n\n\n\n<p class=\"has-small-font-size\">Su primera parada fue C\u00e1diz, desde donde partir\u00eda en un barco de carga hacia su destino. La llegada a tierra fue un tanto un peculiar: debido a la ausencia de un puerto donde atracar, la tripulaci\u00f3n se vio obligada a un transbordo tres kil\u00f3metros mar adentro. <\/p>\n\n\n\n<p class=\"has-small-font-size\">Con la ayuda de unas cuerdas, consiguieron descender desde el buque a embarcaciones m\u00e1s peque\u00f1os, llamadas anfibios, que los llevaron a tierra.<\/p>\n<\/div><\/div>\n\n\n\n<p>Jes\u00fas delante de un camello en el desierto del Sahara<\/p>\n\n\n\n<div class=\"wp-block-media-text alignwide has-media-on-the-right is-stacked-on-mobile is-vertically-aligned-center\"><figure class=\"wp-block-media-text__media\"><img loading=\"lazy\" decoding=\"async\" width=\"847\" height=\"611\" src=\"https:\/\/lajueya.net\/wp-content\/uploads\/2022\/03\/Jesus-y-sus-companeros-en-el-campamento-militar.jpg\" alt=\"\" class=\"wp-image-10334 size-full\" srcset=\"https:\/\/lajueya.net\/wp-content\/uploads\/2022\/03\/Jesus-y-sus-companeros-en-el-campamento-militar.jpg 847w, https:\/\/lajueya.net\/wp-content\/uploads\/2022\/03\/Jesus-y-sus-companeros-en-el-campamento-militar-480x346.jpg 480w\" sizes=\"(min-width: 0px) and (max-width: 480px) 480px, (min-width: 481px) 847px, 100vw\" \/><\/figure><div class=\"wp-block-media-text__content\">\n<p class=\"has-small-font-size\">Jes\u00fas recuerda el campamento militar \u201cEl Aaiun\u201d, como un lugar incomunicado, aislado en medio del desierto, cuya \u00fanica v\u00eda de salida era el mar. <\/p>\n\n\n\n<p class=\"has-small-font-size\">Las instalaciones contaban con recursos muy escasos, no estaban preparadas para cubrir las necesidades b\u00e1sicas y estaban constituidas por barracones en los que dorm\u00edan diez compa\u00f1\u00edas (alrededor de mil personas). <\/p>\n<\/div><\/div>\n\n\n\n<p class=\"has-text-align-right\">Jes\u00fas y sus compa\u00f1eros en el campamento militar<\/p>\n\n\n\n<p> <\/p>\n\n\n\n<div class=\"wp-block-media-text alignwide is-stacked-on-mobile is-vertically-aligned-center\" style=\"grid-template-columns:37% auto\"><figure class=\"wp-block-media-text__media\"><img loading=\"lazy\" decoding=\"async\" width=\"602\" height=\"833\" src=\"https:\/\/lajueya.net\/wp-content\/uploads\/2022\/03\/Soldados-del-campamento-alineados.jpg\" alt=\"\" class=\"wp-image-10340 size-full\" srcset=\"https:\/\/lajueya.net\/wp-content\/uploads\/2022\/03\/Soldados-del-campamento-alineados.jpg 602w, https:\/\/lajueya.net\/wp-content\/uploads\/2022\/03\/Soldados-del-campamento-alineados-480x664.jpg 480w\" sizes=\"(min-width: 0px) and (max-width: 480px) 480px, (min-width: 481px) 602px, 100vw\" \/><\/figure><div class=\"wp-block-media-text__content\">\n<p class=\"has-small-font-size\">Tambi\u00e9n dispon\u00edan de una tienda y un comedor. Sin embargo, no ten\u00edan otros servicios m\u00e1s necesarios, como urinarios o duchas, por lo que el mar era la \u00fanica opci\u00f3n de mantener la higiene. <\/p>\n\n\n\n<p class=\"has-small-font-size\">La rutina nocturna de Jes\u00fas y sus compa\u00f1eros, era una labor de vigilancia para prevenir los peligros procedentes del desierto, mientras que la diaria, se basaba \u00fanicamente en desayunar, comer, cenar y acudir, entre las comidas, a las clases de instrucci\u00f3n en que se les ense\u00f1aba el manejo de armas y a conducir.<\/p>\n<\/div><\/div>\n\n\n\n<p>Soldados del campamento militar alineados<\/p>\n\n\n\n<div class=\"wp-block-image\"><figure class=\"aligncenter size-full is-resized\"><img loading=\"lazy\" decoding=\"async\" src=\"https:\/\/lajueya.net\/wp-content\/uploads\/2022\/03\/Jesus-frente-a-unas-ambulancias-en-el-campamento-militar-2.jpg\" alt=\"\" class=\"wp-image-10344\" width=\"615\" height=\"446\" srcset=\"https:\/\/lajueya.net\/wp-content\/uploads\/2022\/03\/Jesus-frente-a-unas-ambulancias-en-el-campamento-militar-2.jpg 615w, https:\/\/lajueya.net\/wp-content\/uploads\/2022\/03\/Jesus-frente-a-unas-ambulancias-en-el-campamento-militar-2-480x349.jpg 480w\" sizes=\"(min-width: 0px) and (max-width: 480px) 480px, (min-width: 481px) 615px, 100vw\" \/><figcaption>Jes\u00fas frente a unas ambulancias en el campamento militar<\/figcaption><\/figure><\/div>\n\n\n\n<p>Jes\u00fas aprovech\u00f3 la oportunidad para sacar el carnet de conducir, y durante su estancia fue conductor de ambulancias en diversas situaciones, trasladando legionarios a los distintos cuarteles. Recuerda una ocasi\u00f3n en la que tuvo que trasladar a un saharaui, que hab\u00eda fallecido en un accidente de tr\u00e1fico; gracias a ello, pudo conocer los rituales funerarios de la cultura del lugar.<\/p>\n\n\n\n<p>Uno de los beneficios de abandonar la pen\u00ednsula y hacer la mili en \u00c1frica, era el sueldo: cobraba un total de seis pesetas diarias, que era el doble de lo que se percib\u00eda en la pen\u00ednsula. Jes\u00fas recuerda que, con tan solo tres, era suficiente para comprar un bocadillo o una cajetilla.<\/p>\n\n\n\n<p>Otro de sus recuerdos m\u00e1s vivos es el de una vez en que, no pudiendo regresar durante las vacaciones a casa, recibi\u00f3 con gran regocijo un paquete de chorizos enviado por su familia.<\/p>\n\n\n\n<p>________________________________________________________________<\/p>\n\n\n\n<p><strong>Fuentes: <\/strong><\/p>\n\n\n\n<ul class=\"wp-block-list\"><li>Testimonio oral de Jes\u00fas Barreiro V\u00e1zquez<\/li><li>Im\u00e1genes propiedad de la familia Barreiro<\/li><\/ul>\n","protected":false},"excerpt":{"rendered":"<p>Jes\u00fas con algunos compa\u00f1eros frente a un coche del campamento Irati Aranzeta Sacrist\u00e1n, Jimena Arena Barreiro y Silvia Gonz\u00e1lez Ramil El servicio militar obligatorio, popularmente conocido como &#8216;la mili&#8217;, ya ha pasado a formar parte de nuestra historia. Sin embargo, hace apenas solo veintitr\u00e9s a\u00f1os los j\u00f3venes espa\u00f1oles eran convocados al entrenamiento militar a excepci\u00f3n [&hellip;]<\/p>\n","protected":false},"author":1,"featured_media":10346,"comment_status":"closed","ping_status":"open","sticky":false,"template":"","format":"standard","meta":{"_et_pb_use_builder":"off","_et_pb_old_content":"","_et_gb_content_width":"","footnotes":""},"categories":[14,46,35,44,45,41,37,24,39],"tags":[],"class_list":["post-10288","post","type-post","status-publish","format-standard","has-post-thumbnail","hentry","category-cultura","category-curso-2021-2022","category-destacados","category-entrevistas","category-historia","category-invitados","category-memoria-historica","category-singulares","category-tradiciones"],"_links":{"self":[{"href":"https:\/\/lajueya.net\/index.php\/wp-json\/wp\/v2\/posts\/10288","targetHints":{"allow":["GET"]}}],"collection":[{"href":"https:\/\/lajueya.net\/index.php\/wp-json\/wp\/v2\/posts"}],"about":[{"href":"https:\/\/lajueya.net\/index.php\/wp-json\/wp\/v2\/types\/post"}],"author":[{"embeddable":true,"href":"https:\/\/lajueya.net\/index.php\/wp-json\/wp\/v2\/users\/1"}],"replies":[{"embeddable":true,"href":"https:\/\/lajueya.net\/index.php\/wp-json\/wp\/v2\/comments?post=10288"}],"version-history":[{"count":5,"href":"https:\/\/lajueya.net\/index.php\/wp-json\/wp\/v2\/posts\/10288\/revisions"}],"predecessor-version":[{"id":10440,"href":"https:\/\/lajueya.net\/index.php\/wp-json\/wp\/v2\/posts\/10288\/revisions\/10440"}],"wp:featuredmedia":[{"embeddable":true,"href":"https:\/\/lajueya.net\/index.php\/wp-json\/wp\/v2\/media\/10346"}],"wp:attachment":[{"href":"https:\/\/lajueya.net\/index.php\/wp-json\/wp\/v2\/media?parent=10288"}],"wp:term":[{"taxonomy":"category","embeddable":true,"href":"https:\/\/lajueya.net\/index.php\/wp-json\/wp\/v2\/categories?post=10288"},{"taxonomy":"post_tag","embeddable":true,"href":"https:\/\/lajueya.net\/index.php\/wp-json\/wp\/v2\/tags?post=10288"}],"curies":[{"name":"wp","href":"https:\/\/api.w.org\/{rel}","templated":true}]}}