{"id":10375,"date":"2022-04-01T01:12:00","date_gmt":"2022-04-01T01:12:00","guid":{"rendered":"https:\/\/lajueya.net\/?p=10375"},"modified":"2022-04-29T08:06:18","modified_gmt":"2022-04-29T08:06:18","slug":"la-campanona-de-covadonga","status":"publish","type":"post","link":"https:\/\/lajueya.net\/index.php\/2022\/04\/01\/la-campanona-de-covadonga\/","title":{"rendered":"La \u00abCampanona\u00bb de Covadonga"},"content":{"rendered":"\n<p>Ceferino Castro (el primero) y un obrero que trabajaba para \u00e9l<\/p>\n\n\n\n<p><strong>Claudia Otero, Luana Crespo y Estefan\u00eda Diez<\/strong><\/p>\n\n\n\n<p>Esta campana fue fundida a finales del siglo XIX, por la <em>Compa\u00f1\u00eda Asturiana Metal\u00fargica <\/em>propiedad de Don \u00c1lvaro Sizzo-Noris y Fontanals, conde de Sizzo, y por Don Luis Gonz\u00e1lez Herrero que, por expreso deseo del hermano de este \u00faltimo, Don Jos\u00e9 Gonz\u00e1lez Herrero, deb\u00eda ser donada al Cabildo de la Real Colegiata de Covadonga en memoria de sus padres, seg\u00fan consta en el documento de donaci\u00f3n (1).<\/p>\n\n\n\n<p>La campana se fundi\u00f3 en la f\u00e1brica de la Felguera y tiene un peso de 4.000 kilos y una altura de 3 metros. En sus relieves se representan personajes de la <em>Divina Comedia<\/em> de Dante Aliggieri, siendo su escultor el artista italiano Xaviero Sortini; hablamos del a\u00f1o 1889.<\/p>\n\n\n\n<figure class=\"wp-block-image size-large\"><img loading=\"lazy\" decoding=\"async\" width=\"768\" height=\"1024\" src=\"https:\/\/lajueya.net\/wp-content\/uploads\/2022\/03\/campanonadeCovadonga1-768x1024.jpg\" alt=\"\" class=\"wp-image-10389\" \/><figcaption>La \u00abCampanona\u00bb de Covadonga<\/figcaption><\/figure>\n\n\n\n<p>Fue presentada en Par\u00eds, en la Exposici\u00f3n Universal y pabell\u00f3n de La Compa\u00f1\u00eda, en el a\u00f1o 1890, donde obtuvo Menci\u00f3n de Honor y medalla de oro. M\u00e1s tarde figura en la <em>Exposici\u00f3n Iberoamericana<\/em> de Sevilla, en 1929, present\u00e1ndose fuera de concurso, hecho que no suele ser muy conocido.<\/p>\n\n\n\n<figure class=\"wp-block-image size-large\"><img loading=\"lazy\" decoding=\"async\" width=\"673\" height=\"1024\" src=\"https:\/\/lajueya.net\/wp-content\/uploads\/2022\/03\/fotodelaexposicion-673x1024.jpg\" alt=\"\" class=\"wp-image-10394\" \/><figcaption>Foto de La Campanona en la Exposici\u00f3n de Par\u00eds. Imagen: Museo del Real Sitio de Covadonga.<\/figcaption><\/figure>\n\n\n\n<p>La intenci\u00f3n de los donantes es que la campana est\u00e9 siempre en Covadonga, para que sea tocada cada vez que la Santina celebra fiesta o sale de la Cueva, y si no es as\u00ed, la campana habr\u00eda de devolverse a los donantes en plena propiedad o a sus herederos. <\/p>\n\n\n\n<p>Una vez pas\u00f3 por la exposiciones mencionadas, y hasta su llegada a Covadonga, la campana estuvo en la finca de Don Luis Gonz\u00e1lez Herrero calle Gonz\u00e1lez Besada 31 de Oviedo, hasta que el Ilustr\u00edsimo Cabildo de Covadonga quiso su traslado al Real Sitio (Covadonga,) que sucedi\u00f3 el 22 de enero de 1926 seg\u00fan consta en el acta de donaci\u00f3n.<\/p>\n\n\n\n<hr class=\"wp-block-separator\" \/>\n\n\n\n<p>Fuentes:<\/p>\n\n\n\n<ul class=\"wp-block-list\"><li>(1): Documentaci\u00f3n: informaci\u00f3n del documento de cesi\u00f3n de \u00abLa Campanona\u00bb, cedido por Adolfo Mari\u00f1o, Abad de Covadonga.<\/li><li>Im\u00e1genes: Claudia Otero.<\/li><\/ul>\n","protected":false},"excerpt":{"rendered":"<p>Ceferino Castro (el primero) y un obrero que trabajaba para \u00e9l Claudia Otero, Luana Crespo y Estefan\u00eda Diez Esta campana fue fundida a finales del siglo XIX, por la Compa\u00f1\u00eda Asturiana Metal\u00fargica propiedad de Don \u00c1lvaro Sizzo-Noris y Fontanals, conde de Sizzo, y por Don Luis Gonz\u00e1lez Herrero que, por expreso deseo del hermano de [&hellip;]<\/p>\n","protected":false},"author":1,"featured_media":10385,"comment_status":"closed","ping_status":"open","sticky":false,"template":"","format":"standard","meta":{"_et_pb_use_builder":"","_et_pb_old_content":"","_et_gb_content_width":"","footnotes":""},"categories":[46,35,45,28],"tags":[],"class_list":["post-10375","post","type-post","status-publish","format-standard","has-post-thumbnail","hentry","category-curso-2021-2022","category-destacados","category-historia","category-lugares"],"_links":{"self":[{"href":"https:\/\/lajueya.net\/index.php\/wp-json\/wp\/v2\/posts\/10375","targetHints":{"allow":["GET"]}}],"collection":[{"href":"https:\/\/lajueya.net\/index.php\/wp-json\/wp\/v2\/posts"}],"about":[{"href":"https:\/\/lajueya.net\/index.php\/wp-json\/wp\/v2\/types\/post"}],"author":[{"embeddable":true,"href":"https:\/\/lajueya.net\/index.php\/wp-json\/wp\/v2\/users\/1"}],"replies":[{"embeddable":true,"href":"https:\/\/lajueya.net\/index.php\/wp-json\/wp\/v2\/comments?post=10375"}],"version-history":[{"count":33,"href":"https:\/\/lajueya.net\/index.php\/wp-json\/wp\/v2\/posts\/10375\/revisions"}],"predecessor-version":[{"id":10757,"href":"https:\/\/lajueya.net\/index.php\/wp-json\/wp\/v2\/posts\/10375\/revisions\/10757"}],"wp:featuredmedia":[{"embeddable":true,"href":"https:\/\/lajueya.net\/index.php\/wp-json\/wp\/v2\/media\/10385"}],"wp:attachment":[{"href":"https:\/\/lajueya.net\/index.php\/wp-json\/wp\/v2\/media?parent=10375"}],"wp:term":[{"taxonomy":"category","embeddable":true,"href":"https:\/\/lajueya.net\/index.php\/wp-json\/wp\/v2\/categories?post=10375"},{"taxonomy":"post_tag","embeddable":true,"href":"https:\/\/lajueya.net\/index.php\/wp-json\/wp\/v2\/tags?post=10375"}],"curies":[{"name":"wp","href":"https:\/\/api.w.org\/{rel}","templated":true}]}}