{"id":10762,"date":"2022-05-06T01:12:00","date_gmt":"2022-05-06T01:12:00","guid":{"rendered":"https:\/\/lajueya.net\/?p=10762"},"modified":"2022-05-05T19:03:16","modified_gmt":"2022-05-05T19:03:16","slug":"el-archivo-historico-minero-ii","status":"publish","type":"post","link":"https:\/\/lajueya.net\/index.php\/2022\/05\/06\/el-archivo-historico-minero-ii\/","title":{"rendered":"El Archivo Hist\u00f3rico Minero, II"},"content":{"rendered":"\n<p class=\"has-text-align-center\">Una de las estanter\u00edas del Archivo Hist\u00f3rico Minero ubicado en El Fond\u00f3n (Langreo). Imagen: Miguel S\u00e1nchez Guti\u00e9rrez.<\/p>\n\n\n\n<p><strong>Marta Herrero, Iker Garmilla,  Antonio Gonz\u00e1lez.<\/strong><\/p>\n\n\n\n<p class=\"has-drop-cap\">En 1989, la empresa Hulleras del Norte (HUNOSA) comenz\u00f3 a recopilar archivos y materiales que estaban descuidados o en riesgo de perderse. As\u00ed, ese mismo a\u00f1o se formaliz\u00f3 la iniciativa del <strong>Archivo Hist\u00f3rico Minero<\/strong>, cuya funci\u00f3n es recuperar, reacondicionar, organizar y almacenar todos los archivos, documentos, y planos de las distintas empresas integradas en HUNOSA. <\/p>\n\n\n\n<p>En 1992, la direcci\u00f3n de Hulleras del Norte decide que el m\u00e1ximo responsable del proyecto sea Miguel S\u00e1nchez Guti\u00e9rrez. La labor del Archivo comenz\u00f3 con la recogida de materiales de la antigua Biblioteca-Archivo de la empresa, donde muchos papeles estaban almacenados sin ning\u00fan tipo de orden y otros estaban deteriorados e incluso a punto ser destruidos por la humedad y el paso de los a\u00f1os. <\/p>\n\n\n\n<p>M\u00e1s adelante, se concentr\u00f3 toda la documentaci\u00f3n hist\u00f3rica y se ubic\u00f3 el Archivo Hist\u00f3rico Minero cerca del <strong>Pozo del Fond\u00f3n<\/strong>, en Langreo. Toda la informaci\u00f3n recogida se organiza en diferentes apartados, dependiendo del tipo de archivo. Existe un apartado de <em>empresas integradas<\/em>, otro de <em>herramientas<\/em>, una <em>planoteca<\/em>, una <em>fototeca<\/em>, etc\u00e9tera. Adem\u00e1s de toda la documentaci\u00f3n hist\u00f3rica de las diferentes empresas, el Archivo se enriquece a trav\u00e9s de la informaci\u00f3n que generan las empresas en la actualidad, que ya no se necesita en los centros de trabajo pero que se guarda por la importancia que pueda tener posteriormente. Adem\u00e1s, antiguos trabajadores contribuyen a su enriquecimiento mediante donaciones de planos o archivos fotogr\u00e1ficos. <\/p>\n\n\n\n<p>Miguel recuerda una an\u00e9cdota en relaci\u00f3n al archivo. Despu\u00e9s de mucho tiempo de b\u00fasqueda de materiales relacionados con una de las empresas integradas en HUNOSA, y casi habiendo perdido la esperanza de encontrar algo que pudiera ser de utilidad, Miguel y otros trabajadores del Archivo encontraron en un almac\u00e9n que hab\u00eda estado parcialmente inundado toda la informaci\u00f3n que necesitaban, y que por suerte no hab\u00eda sido destruida por la humedad. <\/p>\n\n\n\n<p>El proceso de elaboraci\u00f3n del Archivo fue largo y tedioso, y a\u00fan contin\u00faa hoy. La construcci\u00f3n del edificio donde se encuentra el Archivo, y que funciona tambi\u00e9n como museo, dur\u00f3 algo m\u00e1s de dos a\u00f1os. El objetivo del Archivo Hist\u00f3rico Minero es conservar y difundir todo lo relativo a las labores mineras de HUNOSA y las empresas que la componen y que han formado parte de ella desde sus inicios.<\/p>\n\n\n\n<p>________________________________<\/p>\n\n\n\n<ul class=\"wp-block-list\"><li><strong>INFORMADOR<\/strong>: S\u00c1NCHEZ GUTI\u00c9RREZ, Miguel, 67 a\u00f1os. Minero jubilado, originario de Meres (Siero).<\/li><\/ul>\n","protected":false},"excerpt":{"rendered":"<p>Una de las estanter\u00edas del Archivo Hist\u00f3rico Minero ubicado en El Fond\u00f3n (Langreo). Imagen: Miguel S\u00e1nchez Guti\u00e9rrez. Marta Herrero, Iker Garmilla, Antonio Gonz\u00e1lez. En 1989, la empresa Hulleras del Norte (HUNOSA) comenz\u00f3 a recopilar archivos y materiales que estaban descuidados o en riesgo de perderse. As\u00ed, ese mismo a\u00f1o se formaliz\u00f3 la iniciativa del Archivo [&hellip;]<\/p>\n","protected":false},"author":1,"featured_media":10771,"comment_status":"closed","ping_status":"closed","sticky":false,"template":"","format":"standard","meta":{"_et_pb_use_builder":"off","_et_pb_old_content":"","_et_gb_content_width":"","footnotes":""},"categories":[46,35,44,36,28],"tags":[],"class_list":["post-10762","post","type-post","status-publish","format-standard","has-post-thumbnail","hentry","category-curso-2021-2022","category-destacados","category-entrevistas","category-historia-industrial","category-lugares"],"_links":{"self":[{"href":"https:\/\/lajueya.net\/index.php\/wp-json\/wp\/v2\/posts\/10762","targetHints":{"allow":["GET"]}}],"collection":[{"href":"https:\/\/lajueya.net\/index.php\/wp-json\/wp\/v2\/posts"}],"about":[{"href":"https:\/\/lajueya.net\/index.php\/wp-json\/wp\/v2\/types\/post"}],"author":[{"embeddable":true,"href":"https:\/\/lajueya.net\/index.php\/wp-json\/wp\/v2\/users\/1"}],"replies":[{"embeddable":true,"href":"https:\/\/lajueya.net\/index.php\/wp-json\/wp\/v2\/comments?post=10762"}],"version-history":[{"count":8,"href":"https:\/\/lajueya.net\/index.php\/wp-json\/wp\/v2\/posts\/10762\/revisions"}],"predecessor-version":[{"id":10962,"href":"https:\/\/lajueya.net\/index.php\/wp-json\/wp\/v2\/posts\/10762\/revisions\/10962"}],"wp:featuredmedia":[{"embeddable":true,"href":"https:\/\/lajueya.net\/index.php\/wp-json\/wp\/v2\/media\/10771"}],"wp:attachment":[{"href":"https:\/\/lajueya.net\/index.php\/wp-json\/wp\/v2\/media?parent=10762"}],"wp:term":[{"taxonomy":"category","embeddable":true,"href":"https:\/\/lajueya.net\/index.php\/wp-json\/wp\/v2\/categories?post=10762"},{"taxonomy":"post_tag","embeddable":true,"href":"https:\/\/lajueya.net\/index.php\/wp-json\/wp\/v2\/tags?post=10762"}],"curies":[{"name":"wp","href":"https:\/\/api.w.org\/{rel}","templated":true}]}}