{"id":11633,"date":"2022-11-13T08:03:09","date_gmt":"2022-11-13T08:03:09","guid":{"rendered":"https:\/\/lajueya.net\/?p=11633"},"modified":"2022-11-24T13:02:54","modified_gmt":"2022-11-24T13:02:54","slug":"majada-de-riena","status":"publish","type":"post","link":"https:\/\/lajueya.net\/index.php\/2022\/11\/13\/majada-de-riena\/","title":{"rendered":"Majada de Rie\u00f1a"},"content":{"rendered":"\n<p><em><strong>Majada de Rie\u00f1a. 20 de agosto de 2020<\/strong><\/em>. <\/p>\n\n\n\n<p><strong>Jes\u00fas Lafuente, Julen S\u00e1nchez y Marcos Sober\u00f3n<\/strong><\/p>\n\n\n\n<p>Rie\u00f1a es una majada que ocupan, desde hace un tiempo, los vecinos de Arangas, un pueblo del concejo de Cabrales. <\/p>\n\n\n\n<p>La majada est\u00e1 situada en la Sierra del Cuera, al oeste del conocido \u00b4\u00b4Picu Turbina\u00b4\u00b4 (el m\u00e1s alto de la Sierra del Cuera).<\/p>\n\n\n\n<p>Rie\u00f1a dispone, actualmente, de tres caba\u00f1as habitables, pues con el tiempo, el resto se derrumb\u00f3, al menos por el tejado, y unas pocas tambi\u00e9n por las paredes. Hace unos treinta a\u00f1os, no solo hab\u00eda m\u00e1s caba\u00f1as, sino que, adem\u00e1s, la majada conten\u00eda \u00b4\u00b4cubiles\u00b4\u00b4 para los cerdos y \u00b4\u00b4cercaos\u00b4\u00b4 para las ovejas. Cada caba\u00f1a, adem\u00e1s, dispon\u00eda de un \u00b4\u00b4beyar\u00b4\u00b4, que era un peque\u00f1o establo que se encontraba justo debajo de la parte habitable de la caba\u00f1a, donde se met\u00edan a las vacas para poder orde\u00f1arlas y, posteriormente hacer quesos con esa misma leche.<\/p>\n\n\n\n<p>A la majada, obviamente, no llega ni la electricidad ni el agua corriente, por lo que cada caba\u00f1a dispone de un bid\u00f3n de agua, que la gente usa para su consumo, cocinar, beber&#8230; <\/p>\n\n\n\n<blockquote class=\"wp-block-quote is-layout-flow wp-block-quote-is-layout-flow\">\n<p> <em>\u00abPara la luz, lo \u00fanico que puedes hacer es tener un foco que funcione con pilas y si no te apa\u00f1as con la luz del d\u00eda y por la noche te duermes antes de no ver nada<em>\u00bb<\/em>.<\/em><\/p>\n<cite>Carlos Sober\u00f3n G\u00f3mez.<\/cite><\/blockquote>\n\n\n\n<p><strong>Fuentes orales:<\/strong><\/p>\n\n\n\n<ul class=\"wp-block-list\">\n<li>Carlos Sober\u00f3n G\u00f3mez, vecino de Arangas, 47 a\u00f1os.<\/li>\n\n\n\n<li>Marta Mar\u00eda G\u00f3mez Gonz\u00e1lez, vecina de Arangas, 81 a\u00f1os.<\/li>\n<\/ul>\n","protected":false},"excerpt":{"rendered":"<p>Majada de Rie\u00f1a. 20 de agosto de 2020. Jes\u00fas Lafuente, Julen S\u00e1nchez y Marcos Sober\u00f3n Rie\u00f1a es una majada que ocupan, desde hace un tiempo, los vecinos de Arangas, un pueblo del concejo de Cabrales. La majada est\u00e1 situada en la Sierra del Cuera, al oeste del conocido \u00b4\u00b4Picu Turbina\u00b4\u00b4 (el m\u00e1s alto de la [&hellip;]<\/p>\n","protected":false},"author":1,"featured_media":11640,"comment_status":"closed","ping_status":"open","sticky":false,"template":"","format":"standard","meta":{"_et_pb_use_builder":"off","_et_pb_old_content":"","_et_gb_content_width":"","footnotes":""},"categories":[42,50,28,39],"tags":[],"class_list":["post-11633","post","type-post","status-publish","format-standard","has-post-thumbnail","hentry","category-arquitectura","category-curso-2022-2023","category-lugares","category-tradiciones"],"_links":{"self":[{"href":"https:\/\/lajueya.net\/index.php\/wp-json\/wp\/v2\/posts\/11633","targetHints":{"allow":["GET"]}}],"collection":[{"href":"https:\/\/lajueya.net\/index.php\/wp-json\/wp\/v2\/posts"}],"about":[{"href":"https:\/\/lajueya.net\/index.php\/wp-json\/wp\/v2\/types\/post"}],"author":[{"embeddable":true,"href":"https:\/\/lajueya.net\/index.php\/wp-json\/wp\/v2\/users\/1"}],"replies":[{"embeddable":true,"href":"https:\/\/lajueya.net\/index.php\/wp-json\/wp\/v2\/comments?post=11633"}],"version-history":[{"count":5,"href":"https:\/\/lajueya.net\/index.php\/wp-json\/wp\/v2\/posts\/11633\/revisions"}],"predecessor-version":[{"id":11725,"href":"https:\/\/lajueya.net\/index.php\/wp-json\/wp\/v2\/posts\/11633\/revisions\/11725"}],"wp:featuredmedia":[{"embeddable":true,"href":"https:\/\/lajueya.net\/index.php\/wp-json\/wp\/v2\/media\/11640"}],"wp:attachment":[{"href":"https:\/\/lajueya.net\/index.php\/wp-json\/wp\/v2\/media?parent=11633"}],"wp:term":[{"taxonomy":"category","embeddable":true,"href":"https:\/\/lajueya.net\/index.php\/wp-json\/wp\/v2\/categories?post=11633"},{"taxonomy":"post_tag","embeddable":true,"href":"https:\/\/lajueya.net\/index.php\/wp-json\/wp\/v2\/tags?post=11633"}],"curies":[{"name":"wp","href":"https:\/\/api.w.org\/{rel}","templated":true}]}}