{"id":11704,"date":"2022-12-07T01:03:00","date_gmt":"2022-12-07T01:03:00","guid":{"rendered":"https:\/\/lajueya.net\/?p=11704"},"modified":"2022-12-06T22:58:51","modified_gmt":"2022-12-06T22:58:51","slug":"el-bisonte-de-la-pesa","status":"publish","type":"post","link":"https:\/\/lajueya.net\/index.php\/2022\/12\/07\/el-bisonte-de-la-pesa\/","title":{"rendered":"El bisonte de La Pesa"},"content":{"rendered":"\n<p>Juanjo Cobo en etapa de la <em>Subida al Angliru<\/em> (fot\u00f3grafo an\u00f3nimo)<\/p>\n\n\n\n<p><em>Alejandro Tora\u00f1o Herrera<\/em><\/p>\n\n\n\n<p><strong>AT<\/strong>. Juan Jos\u00e9 Cobo Acebo fue ciclista profesional desde 2004, cuando debut\u00f3 en el <em>Tour de Catar<\/em>, hasta su retiro en 2015, acabando su carrera en el ciclismo profesional en <em>Movistar Team<\/em>.<\/p>\n\n\n\n<p>Juanjo Cobo, nacido el 11 de Febrero de 1981 en Cabez\u00f3n de la Sal, Cantabria, pertenece a una familia de deportistas, que le empuj\u00f3 a comenzar en el ciclismo a los 10 a\u00f1os de edad. <\/p>\n\n\n\n<p>M\u00e1s tarde empez\u00f3 a competir, y a\u00fan en el ciclismo amateur, lleg\u00f3 a proclamarse campe\u00f3n de Espa\u00f1a de contrarreloj Sub-23, hecho que le catapult\u00f3 al ciclismo profesional. En esta estapa profesional de su carrera (2007 a 2015) compiti\u00f3 al m\u00e1ximo nivel internacional de este deporte, empezando con victorias de etapa en la <em>Vuelta al Pa\u00eds Vasco<\/em> y acabando por convertirse en el vencedor de la&nbsp;<em>Vuelta a Espa\u00f1a 2011<\/em>, pasando por las memorables haza\u00f1as que realiz\u00f3 en el <em>Tour de Francia 2008<\/em>.<\/p>\n\n\n\n<p>Su mayor logro en el ciclismo profesional, al convertirse en vencedor de la <em>Vuelta a Espa\u00f1a<\/em> el 11 de septiembre de 2011, lo llevaba a ser el primer c\u00e1ntabro en conseguirla victoria en una de Las Tres Grandes Vueltas (<em>Giro de Italia<\/em>, <em>Tour de Francia<\/em> y <em>La Vuelta a Espa\u00f1a<\/em>). Pero el 13 de junio de 2019, la&nbsp;Uni\u00f3n Ciclista Internacional anunci\u00f3 en un comunicado que hab\u00eda violado las reglas antidopaje entre los a\u00f1os 2009 y 2011. De este modo, casi 8 a\u00f1os despu\u00e9s de la finalizaci\u00f3n de la prueba, perder\u00eda el t\u00edtulo de la&nbsp;<em>Vuelta a Espa\u00f1a 2011<\/em>. <\/p>\n\n\n\n<p>Juanjo Cobo, 10 a\u00f1os despu\u00e9s de tocar la gloria, y tan solo 2 desde la sentencia que manchar\u00eda su carrera, dir\u00eda esto: <em>\u00abEleg\u00ed irme a la ruina antes que reconocer algo que no hab\u00eda hecho\u00bb<\/em>, declaraci\u00f3n que demuestra que \u00e9l sigue defendiendo su inocencia ante una acusaci\u00f3n que, hoy, valora como injusta.<\/p>\n\n\n\n<p>Actualmente Juanjo reside en Cabez\u00f3n de la Sal, lugar de nacimiento y origen de su apodo: \u00abEl Bisonte de la Pesa\u00bb. All\u00ed ha encontrado un trabajo y se dedica a cuidar de su familia.<\/p>\n\n\n\n<p>_____________________________<\/p>\n\n\n\n<p><strong>Fuentes:<\/strong> <\/p>\n\n\n\n<ul class=\"wp-block-list\">\n<li>M\u00f3nica Herrera Berrio, vecina de Cabez\u00f3n de la Sal<\/li>\n\n\n\n<li>Entrevista hecha por RTVE en 2021<\/li>\n\n\n\n<li>Facebook personal de Juanjo Cobo<\/li>\n<\/ul>\n","protected":false},"excerpt":{"rendered":"<p>Juanjo Cobo en etapa de la Subida al Angliru (fot\u00f3grafo an\u00f3nimo) Alejandro Tora\u00f1o Herrera AT. Juan Jos\u00e9 Cobo Acebo fue ciclista profesional desde 2004, cuando debut\u00f3 en el Tour de Catar, hasta su retiro en 2015, acabando su carrera en el ciclismo profesional en Movistar Team. Juanjo Cobo, nacido el 11 de Febrero de 1981 [&hellip;]<\/p>\n","protected":false},"author":1,"featured_media":11706,"comment_status":"closed","ping_status":"open","sticky":false,"template":"","format":"standard","meta":{"_et_pb_use_builder":"off","_et_pb_old_content":"","_et_gb_content_width":"","footnotes":""},"categories":[50,27,26],"tags":[],"class_list":["post-11704","post","type-post","status-publish","format-standard","has-post-thumbnail","hentry","category-curso-2022-2023","category-deporte-local","category-deportes"],"_links":{"self":[{"href":"https:\/\/lajueya.net\/index.php\/wp-json\/wp\/v2\/posts\/11704","targetHints":{"allow":["GET"]}}],"collection":[{"href":"https:\/\/lajueya.net\/index.php\/wp-json\/wp\/v2\/posts"}],"about":[{"href":"https:\/\/lajueya.net\/index.php\/wp-json\/wp\/v2\/types\/post"}],"author":[{"embeddable":true,"href":"https:\/\/lajueya.net\/index.php\/wp-json\/wp\/v2\/users\/1"}],"replies":[{"embeddable":true,"href":"https:\/\/lajueya.net\/index.php\/wp-json\/wp\/v2\/comments?post=11704"}],"version-history":[{"count":8,"href":"https:\/\/lajueya.net\/index.php\/wp-json\/wp\/v2\/posts\/11704\/revisions"}],"predecessor-version":[{"id":11912,"href":"https:\/\/lajueya.net\/index.php\/wp-json\/wp\/v2\/posts\/11704\/revisions\/11912"}],"wp:featuredmedia":[{"embeddable":true,"href":"https:\/\/lajueya.net\/index.php\/wp-json\/wp\/v2\/media\/11706"}],"wp:attachment":[{"href":"https:\/\/lajueya.net\/index.php\/wp-json\/wp\/v2\/media?parent=11704"}],"wp:term":[{"taxonomy":"category","embeddable":true,"href":"https:\/\/lajueya.net\/index.php\/wp-json\/wp\/v2\/categories?post=11704"},{"taxonomy":"post_tag","embeddable":true,"href":"https:\/\/lajueya.net\/index.php\/wp-json\/wp\/v2\/tags?post=11704"}],"curies":[{"name":"wp","href":"https:\/\/api.w.org\/{rel}","templated":true}]}}