{"id":11740,"date":"2022-12-07T01:10:00","date_gmt":"2022-12-07T01:10:00","guid":{"rendered":"https:\/\/lajueya.net\/?p=11740"},"modified":"2022-12-06T21:55:44","modified_gmt":"2022-12-06T21:55:44","slug":"cueva-de-entrepenes","status":"publish","type":"post","link":"https:\/\/lajueya.net\/index.php\/2022\/12\/07\/cueva-de-entrepenes\/","title":{"rendered":"Cueva de Entrepe\u00f1es"},"content":{"rendered":"\n<p>Boca de la Cueva de Entrepe\u00f1es en la actualidad. Imagen: AMCG.<\/p>\n\n\n\n<p><strong>AAC<\/strong>. La Cueva de&nbsp;Entrepe\u00f1es&nbsp;est\u00e1 situada al pie de la carretera que sube a Fios, un pueblo que se encuentra en la ladera de la Sierra del Sueve perteneciente al concejo de&nbsp;Parres.<\/p>\n\n\n\n<p>La cueva nunca fue muy espaciosa: apenas caben diez personas, cuenta con una apertura estrecha  y debes escalar un poco por su altura para acceder a ella. <\/p>\n\n\n\n<p>Durante la Guerra Civil Espa\u00f1ola, era utilizada por la gente de los pueblos cercanos, como La Forcada o Huexes, para refugiarse de los ataques o persecuciones entre los dos bandos existentes, el republicano y el nacional.<em> &lt;&lt;Recuerdo que mi madre me contaba que en esa cueva se refugiaba con mis hermanos y que cuando volv\u00edan pa casa ya les hab\u00edan robado toda la comida y la labranza&gt;&gt;<\/em> (1)<\/p>\n\n\n\n<p>Al tener poca profundidad, la guarida no alcanzaba para todos y la dificultad del acceso se acentuaba por las condiciones f\u00edsicas de la poblaci\u00f3n de la \u00e9poca. Por ello, la mayor\u00eda decid\u00edan esconderse en otra cueva no tan cercana pero con m\u00e1s amplitud, de la que no se tiene conocimiento en la actualidad, ni queda vestigio alguno de su existencia. Como en tiempos de lluvia el camino se volv\u00eda peligroso, se ve\u00edan obligados a recurrir a la Cueva de Entrepe\u00f1es, donde con un poco de suerte consegu\u00edan entrar.                                                                        <\/p>\n\n\n\n<p>Hoy en d\u00eda, la Cueva de Entrepe\u00f1es est\u00e1 bien conservada y sigue en las mismas condiciones que antiguamente, aunque a su alrededor ha salido un tanto de maleza.&nbsp;En cuanto a su historia, solo es conocida por aquellos que les toc\u00f3 vivir la guerra o escuchar relatos que van pasando de generaci\u00f3n en generaci\u00f3n, a trav\u00e9s de esas familias.<\/p>\n\n\n\n<p>(1): FELIZ MARINAS, Delia; 74 a\u00f1os. Antigua vecina de La Forcada.<\/p>\n\n\n\n<div class=\"wp-block-columns is-layout-flex wp-container-core-columns-is-layout-9d6595d7 wp-block-columns-is-layout-flex\">\n<div class=\"wp-block-column is-layout-flow wp-block-column-is-layout-flow\">\n<figure class=\"wp-block-image size-full\"><img loading=\"lazy\" decoding=\"async\" width=\"640\" height=\"491\" src=\"https:\/\/lajueya.net\/wp-content\/uploads\/2022\/11\/camino-a-la-cueva-5.jpg\" alt=\"\" class=\"wp-image-11797\" srcset=\"https:\/\/lajueya.net\/wp-content\/uploads\/2022\/11\/camino-a-la-cueva-5.jpg 640w, https:\/\/lajueya.net\/wp-content\/uploads\/2022\/11\/camino-a-la-cueva-5-480x368.jpg 480w\" sizes=\"(min-width: 0px) and (max-width: 480px) 480px, (min-width: 481px) 640px, 100vw\" \/><figcaption class=\"wp-element-caption\">Carretera direcci\u00f3n a la Cueva de Entrepe\u00f1es. Imagen: AMCG.<\/figcaption><\/figure>\n<\/div>\n\n\n\n<div class=\"wp-block-column is-layout-flow wp-block-column-is-layout-flow\">\n<figure class=\"wp-block-image size-full is-resized\"><img loading=\"lazy\" decoding=\"async\" src=\"https:\/\/lajueya.net\/wp-content\/uploads\/2022\/11\/cueva-vista-de-cerca-4.jpg\" alt=\"\" class=\"wp-image-11798\" width=\"344\" height=\"305\"\/><figcaption class=\"wp-element-caption\">Boca de la Cueva de Entrepe\u00f1es vista de cerca. Imagen: AMCG.<\/figcaption><\/figure>\n<\/div>\n<\/div>\n\n\n\n<p>&#8212;&#8212;&#8212;&#8212;&#8212;&#8212;&#8212;&#8211;<\/p>\n\n\n\n<p>FUENTES:<\/p>\n\n\n\n<ul class=\"wp-block-list\">\n<li>FELIZ MARINAS, Delia; 74 a\u00f1os. Antigua vecina de La Forcada.<\/li>\n\n\n\n<li>FELIZ MARINAS, Mar\u00eda de los \u00c1ngeles; 83 a\u00f1os. Antigua vecina de La Forcada.<\/li>\n\n\n\n<li>PENA TERE\u00d1ES, Juana; 85 a\u00f1os. Antigua vecina del Collado de Santo Tom\u00e1s.<\/li>\n\n\n\n<li>FELIZ ORTEGA, Dolores; 76 a\u00f1os. Vecina de Huexes.<\/li>\n<\/ul>\n","protected":false},"excerpt":{"rendered":"<p>Boca de la Cueva de Entrepe\u00f1es en la actualidad. Imagen: AMCG. AAC. La Cueva de&nbsp;Entrepe\u00f1es&nbsp;est\u00e1 situada al pie de la carretera que sube a Fios, un pueblo que se encuentra en la ladera de la Sierra del Sueve perteneciente al concejo de&nbsp;Parres. La cueva nunca fue muy espaciosa: apenas caben diez personas, cuenta con una [&hellip;]<\/p>\n","protected":false},"author":1,"featured_media":11751,"comment_status":"closed","ping_status":"open","sticky":false,"template":"","format":"standard","meta":{"_et_pb_use_builder":"off","_et_pb_old_content":"","_et_gb_content_width":"","footnotes":""},"categories":[50,35,28,37],"tags":[],"class_list":["post-11740","post","type-post","status-publish","format-standard","has-post-thumbnail","hentry","category-curso-2022-2023","category-destacados","category-lugares","category-memoria-historica"],"_links":{"self":[{"href":"https:\/\/lajueya.net\/index.php\/wp-json\/wp\/v2\/posts\/11740","targetHints":{"allow":["GET"]}}],"collection":[{"href":"https:\/\/lajueya.net\/index.php\/wp-json\/wp\/v2\/posts"}],"about":[{"href":"https:\/\/lajueya.net\/index.php\/wp-json\/wp\/v2\/types\/post"}],"author":[{"embeddable":true,"href":"https:\/\/lajueya.net\/index.php\/wp-json\/wp\/v2\/users\/1"}],"replies":[{"embeddable":true,"href":"https:\/\/lajueya.net\/index.php\/wp-json\/wp\/v2\/comments?post=11740"}],"version-history":[{"count":15,"href":"https:\/\/lajueya.net\/index.php\/wp-json\/wp\/v2\/posts\/11740\/revisions"}],"predecessor-version":[{"id":11897,"href":"https:\/\/lajueya.net\/index.php\/wp-json\/wp\/v2\/posts\/11740\/revisions\/11897"}],"wp:featuredmedia":[{"embeddable":true,"href":"https:\/\/lajueya.net\/index.php\/wp-json\/wp\/v2\/media\/11751"}],"wp:attachment":[{"href":"https:\/\/lajueya.net\/index.php\/wp-json\/wp\/v2\/media?parent=11740"}],"wp:term":[{"taxonomy":"category","embeddable":true,"href":"https:\/\/lajueya.net\/index.php\/wp-json\/wp\/v2\/categories?post=11740"},{"taxonomy":"post_tag","embeddable":true,"href":"https:\/\/lajueya.net\/index.php\/wp-json\/wp\/v2\/tags?post=11740"}],"curies":[{"name":"wp","href":"https:\/\/api.w.org\/{rel}","templated":true}]}}