{"id":12174,"date":"2023-01-30T01:14:00","date_gmt":"2023-01-30T01:14:00","guid":{"rendered":"https:\/\/lajueya.net\/?p=12174"},"modified":"2023-02-06T07:45:36","modified_gmt":"2023-02-06T07:45:36","slug":"hermanas-en-camarmena","status":"publish","type":"post","link":"https:\/\/lajueya.net\/index.php\/2023\/01\/30\/hermanas-en-camarmena\/","title":{"rendered":"Hermanas en Camarme\u00f1a"},"content":{"rendered":"\n<p>SM<\/p>\n\n\n\n<p>Imagen del archivo del \u00ab<em>Mus\u00e9u del Pueblo<\/em> <em>d&#8217;Asturies<\/em>\u00bb <\/p>\n\n\n\n<p>En octubre de 1959, Jos\u00e9 Ram\u00f3n Lueje tom\u00f3 esta fotograf\u00eda. En ella podemos ver a las hermanas P\u00e9rez Campillo: a la izquierda Fidela y a la derecha Viki, a la entrada de su vivienda en \u00abCamarme\u00f1a de Arriba\u00bb en la localidad cabraliega de ese nombre. <\/p>\n\n\n\n<p>Eran 8 hermanos: Luc\u00eda, Leonor, Eloina, Ram\u00f3n, Felipe, Esteban y las dos fotografiadas, que eran las mayores (Viki nacida en 1950, con poca diferencia de edad con Fidela). A\u00f1os despu\u00e9s, la familia se traslad\u00f3 a Arenas de Cabrales, y las dos protagonistas de la imagen emigraron a Alemania. Viki retorn\u00f3 a Asturias, mientras que Fidela se estableci\u00f3 en Barcelona. <\/p>\n\n\n\n<p>Jos\u00e9 Ram\u00f3n Lueje (Infiesto, 1903 &#8211; Gij\u00f3n, 1981) fue un monta\u00f1ero asturiano y gran aficionado a la fotograf\u00eda. Tuvo un importante papel como divulgador de los Picos de Europa, retratando la vida en la monta\u00f1a: pastores, majadas, caba\u00f1as, la vida en los pueblos&#8230; Public\u00f3 m\u00faltiples libros, folletos, cuadernos, mapas y art\u00edculos. Desde 2002, su archivo fotogr\u00e1fico se encuentra en el <em>Mus\u00e9u del Pueblu d&#8217;Asturies<\/em> (1) en Gij\u00f3n, con 14.215 fotograf\u00edas cedidas en dep\u00f3sito por sus familiares. <\/p>\n\n\n\n<p>Con el centenario de su nacimiento (2003), se public\u00f3 el libro \u00abLa monta\u00f1a fotografiada\u00bb (2) como homenaje al monta\u00f1ero y fot\u00f3grafo. Entre las im\u00e1genes seleccionadas, se encuentra la de Viki y Fidela. <\/p>\n\n\n\n<p>En 2013, Miki Lopez public\u00f3 un art\u00edculo (3) muy interesante sobre la imagen, en la que la replica la toma 54 a\u00f1os m\u00e1s tarde. <\/p>\n\n\n\n<p>___________________________________<\/p>\n\n\n\n<p>BALLESTEROS MIER, Ana (vecina de Tielve). Transmisi\u00f3n oral (2022)<\/p>\n\n\n\n<p>1 P\u00e1gina web del <em>Mus\u00e9u del Pueblu d&#8217;Asturies<\/em> https:\/\/www.gijon.es\/es\/creativos\/jose-ramon-lueje<\/p>\n\n\n\n<p>2 VARIOS AUTORES, 2003, \u00ab<em>La monta\u00f1a fotografiada<\/em>\u00ab, editorial: FMCE y UP. Mus\u00e9u del Pueblu d&#8217;Asturies. <\/p>\n\n\n\n<p>3 L\u00d3PEZ, Miki, 2013: \u00ab<em>Congelando el tiempo en Camarme\u00f1a<\/em>\u00bb  https:\/\/mikilopez.wordpress.com\/2013\/03\/12\/congelando-el-tiempo-en-camarmena\/<\/p>\n","protected":false},"excerpt":{"rendered":"<p>SM Imagen del archivo del \u00abMus\u00e9u del Pueblo d&#8217;Asturies\u00bb En octubre de 1959, Jos\u00e9 Ram\u00f3n Lueje tom\u00f3 esta fotograf\u00eda. En ella podemos ver a las hermanas P\u00e9rez Campillo: a la izquierda Fidela y a la derecha Viki, a la entrada de su vivienda en \u00abCamarme\u00f1a de Arriba\u00bb en la localidad cabraliega de ese nombre. Eran [&hellip;]<\/p>\n","protected":false},"author":1,"featured_media":12179,"comment_status":"closed","ping_status":"open","sticky":false,"template":"","format":"standard","meta":{"_et_pb_use_builder":"","_et_pb_old_content":"","_et_gb_content_width":"","footnotes":""},"categories":[19,50,35,37,18],"tags":[],"class_list":["post-12174","post","type-post","status-publish","format-standard","has-post-thumbnail","hentry","category-arte","category-curso-2022-2023","category-destacados","category-memoria-historica","category-rural"],"_links":{"self":[{"href":"https:\/\/lajueya.net\/index.php\/wp-json\/wp\/v2\/posts\/12174","targetHints":{"allow":["GET"]}}],"collection":[{"href":"https:\/\/lajueya.net\/index.php\/wp-json\/wp\/v2\/posts"}],"about":[{"href":"https:\/\/lajueya.net\/index.php\/wp-json\/wp\/v2\/types\/post"}],"author":[{"embeddable":true,"href":"https:\/\/lajueya.net\/index.php\/wp-json\/wp\/v2\/users\/1"}],"replies":[{"embeddable":true,"href":"https:\/\/lajueya.net\/index.php\/wp-json\/wp\/v2\/comments?post=12174"}],"version-history":[{"count":15,"href":"https:\/\/lajueya.net\/index.php\/wp-json\/wp\/v2\/posts\/12174\/revisions"}],"predecessor-version":[{"id":12475,"href":"https:\/\/lajueya.net\/index.php\/wp-json\/wp\/v2\/posts\/12174\/revisions\/12475"}],"wp:featuredmedia":[{"embeddable":true,"href":"https:\/\/lajueya.net\/index.php\/wp-json\/wp\/v2\/media\/12179"}],"wp:attachment":[{"href":"https:\/\/lajueya.net\/index.php\/wp-json\/wp\/v2\/media?parent=12174"}],"wp:term":[{"taxonomy":"category","embeddable":true,"href":"https:\/\/lajueya.net\/index.php\/wp-json\/wp\/v2\/categories?post=12174"},{"taxonomy":"post_tag","embeddable":true,"href":"https:\/\/lajueya.net\/index.php\/wp-json\/wp\/v2\/tags?post=12174"}],"curies":[{"name":"wp","href":"https:\/\/api.w.org\/{rel}","templated":true}]}}