{"id":12210,"date":"2023-01-30T01:09:00","date_gmt":"2023-01-30T01:09:00","guid":{"rendered":"https:\/\/lajueya.net\/?p=12210"},"modified":"2023-02-06T07:29:10","modified_gmt":"2023-02-06T07:29:10","slug":"xuan-cueto","status":"publish","type":"post","link":"https:\/\/lajueya.net\/index.php\/2023\/01\/30\/xuan-cueto\/","title":{"rendered":"Xuan Cueto"},"content":{"rendered":"\n<p>Xuan Cueto, vecino de Arriondas, cuenta con m\u00e1s de 20 a\u00f1os de experiencia en el sector de la fotograf\u00eda.<\/p>\n\n\n\n<p> Empez\u00f3 a familiarizarse desde ni\u00f1o con la c\u00e1mara gracias a los fot\u00f3grafos de su familia, y una vez que sab\u00eda manejarse fue dedic\u00e1ndole m\u00e1s tiempo. <\/p>\n\n\n\n<p>Actualmente se dedica al fotoperiodismo y siente predilecci\u00f3n por los ambientes rurales y las instant\u00e1neas sin posado pero con cierta est\u00e9tica. Ante la competencia que le hacen los m\u00f3viles a las c\u00e1maras en un mercado en el que es dif\u00edcil autofinanciarse, queda esforzarse y dar lo m\u00e1ximo de uno mismo en cada trabajo, algo que aconseja a quienes deseen iniciarse en ese mundo. <\/p>\n\n\n\n<p>Su libro \u00abAsturias en cuerpo y alma\u00bb, en colaboraci\u00f3n con su pareja, es el proyecto en que m\u00e1s ilusi\u00f3n puso; y tambi\u00e9n, la serie de fotos a varias mujeres que representasen la esencia de los pueblos y de sus formas de vida. Trabaj\u00f3 asimismo para varios peri\u00f3dicos como El Comercio o EuropaPress, pero lo que m\u00e1s le gusta es ir por libre. <\/p>\n\n\n\n<p>Algunas de sus fotograf\u00edas, como la del incendio de Covadonga, son muy conocidas. Si hay que destacar algo de ellas es la forma en la que est\u00e1 reflejada la esencia de lo fotografiado, y esto lo hace posible el ojo experto de alguien que siempre busca mejorar y aprender.<\/p>\n\n\n\n<p><\/p>\n\n\n\n<figure class=\"wp-block-gallery has-nested-images columns-default is-cropped wp-block-gallery-1 is-layout-flex wp-block-gallery-is-layout-flex\">\n<figure class=\"wp-block-image size-large\"><img loading=\"lazy\" decoding=\"async\" width=\"720\" height=\"893\" data-id=\"12258\" src=\"https:\/\/lajueya.net\/wp-content\/uploads\/2023\/01\/20230120_152039_032341.jpg\" alt=\"\" class=\"wp-image-12258\" srcset=\"https:\/\/lajueya.net\/wp-content\/uploads\/2023\/01\/20230120_152039_032341.jpg 720w, https:\/\/lajueya.net\/wp-content\/uploads\/2023\/01\/20230120_152039_032341-480x595.jpg 480w\" sizes=\"(min-width: 0px) and (max-width: 480px) 480px, (min-width: 481px) 720px, 100vw\" \/><figcaption class=\"wp-element-caption\">Quema en Priena<\/figcaption><\/figure>\n\n\n\n<figure class=\"wp-block-image size-large\"><img loading=\"lazy\" decoding=\"async\" width=\"719\" height=\"898\" data-id=\"12259\" src=\"https:\/\/lajueya.net\/wp-content\/uploads\/2023\/01\/20230120_152014_032329.jpg\" alt=\"\" class=\"wp-image-12259\" srcset=\"https:\/\/lajueya.net\/wp-content\/uploads\/2023\/01\/20230120_152014_032329.jpg 719w, https:\/\/lajueya.net\/wp-content\/uploads\/2023\/01\/20230120_152014_032329-480x599.jpg 480w\" sizes=\"(min-width: 0px) and (max-width: 480px) 480px, (min-width: 481px) 719px, 100vw\" \/><figcaption class=\"wp-element-caption\">Anton\u00edn el de Gumartini<\/figcaption><\/figure>\n\n\n\n<figure class=\"wp-block-image size-large\"><img loading=\"lazy\" decoding=\"async\" width=\"768\" height=\"1024\" data-id=\"12262\" src=\"https:\/\/lajueya.net\/wp-content\/uploads\/2023\/01\/20230120_153407_033956-768x1024.jpg\" alt=\"\" class=\"wp-image-12262\" \/><figcaption class=\"wp-element-caption\">Sonrisa con gallinas<\/figcaption><\/figure>\n<\/figure>\n","protected":false},"excerpt":{"rendered":"<p>Xuan Cueto, vecino de Arriondas, cuenta con m\u00e1s de 20 a\u00f1os de experiencia en el sector de la fotograf\u00eda. Empez\u00f3 a familiarizarse desde ni\u00f1o con la c\u00e1mara gracias a los fot\u00f3grafos de su familia, y una vez que sab\u00eda manejarse fue dedic\u00e1ndole m\u00e1s tiempo. Actualmente se dedica al fotoperiodismo y siente predilecci\u00f3n por los ambientes [&hellip;]<\/p>\n","protected":false},"author":1,"featured_media":12258,"comment_status":"closed","ping_status":"open","sticky":false,"template":"","format":"standard","meta":{"_et_pb_use_builder":"off","_et_pb_old_content":"","_et_gb_content_width":"","footnotes":""},"categories":[50],"tags":[],"class_list":["post-12210","post","type-post","status-publish","format-standard","has-post-thumbnail","hentry","category-curso-2022-2023"],"_links":{"self":[{"href":"https:\/\/lajueya.net\/index.php\/wp-json\/wp\/v2\/posts\/12210","targetHints":{"allow":["GET"]}}],"collection":[{"href":"https:\/\/lajueya.net\/index.php\/wp-json\/wp\/v2\/posts"}],"about":[{"href":"https:\/\/lajueya.net\/index.php\/wp-json\/wp\/v2\/types\/post"}],"author":[{"embeddable":true,"href":"https:\/\/lajueya.net\/index.php\/wp-json\/wp\/v2\/users\/1"}],"replies":[{"embeddable":true,"href":"https:\/\/lajueya.net\/index.php\/wp-json\/wp\/v2\/comments?post=12210"}],"version-history":[{"count":15,"href":"https:\/\/lajueya.net\/index.php\/wp-json\/wp\/v2\/posts\/12210\/revisions"}],"predecessor-version":[{"id":12459,"href":"https:\/\/lajueya.net\/index.php\/wp-json\/wp\/v2\/posts\/12210\/revisions\/12459"}],"wp:featuredmedia":[{"embeddable":true,"href":"https:\/\/lajueya.net\/index.php\/wp-json\/wp\/v2\/media\/12258"}],"wp:attachment":[{"href":"https:\/\/lajueya.net\/index.php\/wp-json\/wp\/v2\/media?parent=12210"}],"wp:term":[{"taxonomy":"category","embeddable":true,"href":"https:\/\/lajueya.net\/index.php\/wp-json\/wp\/v2\/categories?post=12210"},{"taxonomy":"post_tag","embeddable":true,"href":"https:\/\/lajueya.net\/index.php\/wp-json\/wp\/v2\/tags?post=12210"}],"curies":[{"name":"wp","href":"https:\/\/api.w.org\/{rel}","templated":true}]}}