{"id":12269,"date":"2023-01-30T01:11:00","date_gmt":"2023-01-30T01:11:00","guid":{"rendered":"https:\/\/lajueya.net\/?p=12269"},"modified":"2023-01-30T07:50:19","modified_gmt":"2023-01-30T07:50:19","slug":"retrato-asturiano","status":"publish","type":"post","link":"https:\/\/lajueya.net\/index.php\/2023\/01\/30\/retrato-asturiano\/","title":{"rendered":"Retrato Asturiano"},"content":{"rendered":"\n<p>Retrato de Victor Manuel, expuesto en <strong><em>\u00abAsturias de mis amores\u00bb<\/em><\/strong><\/p>\n\n\n\n<p><strong>A y M<\/strong>. Alejandro L\u00f3pez Pedrero, nacido en Avil\u00e9s, vive actualmente en Cangas de On\u00eds y su hobbie es la fotograf\u00eda.<\/p>\n\n\n\n<p>Su afici\u00f3n comenz\u00f3 a una temprana edad, a los 18, cuando un amigo le llev\u00f3 a un curso de fotograf\u00eda en Grao. Su primera c\u00e1mara fue una Penta X.  <\/p>\n\n\n\n<p>Su campo favorito es el de la fotograf\u00eda  period\u00edstica. Admira y califica de valientes a aquellas personas que dan la cara y se arriesgan, al mostrar la realidad a trav\u00e9s de im\u00e1genes que no suelen aparecer en los medios de comunicaci\u00f3n, donde todo es demasiado superficial.<\/p>\n\n\n\n<p>Para \u00e9l, la aut\u00e9ntica fotograf\u00eda es aquella en la que no hay \u00abmaquillaje\u00bb ni preparaci\u00f3n previa. En sus retratos se refleja todo el trabajo que conllevan y la esencia de la persona fotografiada. Adem\u00e1s, le agrada poder establecer relaci\u00f3n con la gente que fotograf\u00eda y conocer su historia. <\/p>\n\n\n\n<p>Ha publicado dos libros de fotos, <strong><em>\u00abPaisanaje de Cangas de On\u00eds\u00bb<\/em><\/strong> y <strong><em>\u00abAsturias de mis amores\u00bb<\/em><\/strong><\/p>\n\n\n\n<p>En <strong><em>\u00abPaisanaje de Cangas de On\u00eds\u00bb<\/em><\/strong> nos debemos remontar al 2008, a\u00f1o en que Alejandro gana el primer premio de un concurso de fotograf\u00eda local, un premio que, junto al apoyo recibido entonces de Ra\u00fal Artigot (director de fotograf\u00eda en cine), fueron el motor de la exposici\u00f3n y libro de retratos sobre vecinos de Cangas. El libro se public\u00f3 en 2010. <\/p>\n\n\n\n<p>En  <strong><em>\u00abAsturias de mis amores\u00bb<\/em><\/strong> aparecen 35 retratos en blanco y negro de personajes asturianos, acompa\u00f1ados de un texto en que cada retratado expresa lo que Asturias significaba para \u00e9l. En la publicaci\u00f3n figuran celebridades como V\u00edctor Manuel o el futbolista Quini.<\/p>\n\n\n\n<p>Alejandro est\u00e1 muy orgulloso de su trabajo fotogr\u00e1fico y de los dos libros, que comportan un significado especial para \u00e9l por  la historia y el trabajo que tienen detr\u00e1s. <\/p>\n\n\n\n<p>___________________________________________________________<\/p>\n\n\n\n<p>L\u00f3pez Pedrero, Alejandro, vecino de Cangas de On\u00eds. Comunicaci\u00f3n personal (2023).<\/p>\n","protected":false},"excerpt":{"rendered":"<p>Retrato de Victor Manuel, expuesto en \u00abAsturias de mis amores\u00bb A y M. Alejandro L\u00f3pez Pedrero, nacido en Avil\u00e9s, vive actualmente en Cangas de On\u00eds y su hobbie es la fotograf\u00eda. Su afici\u00f3n comenz\u00f3 a una temprana edad, a los 18, cuando un amigo le llev\u00f3 a un curso de fotograf\u00eda en Grao. Su primera [&hellip;]<\/p>\n","protected":false},"author":1,"featured_media":12275,"comment_status":"closed","ping_status":"open","sticky":false,"template":"","format":"standard","meta":{"_et_pb_use_builder":"off","_et_pb_old_content":"","_et_gb_content_width":"","footnotes":""},"categories":[50],"tags":[],"class_list":["post-12269","post","type-post","status-publish","format-standard","has-post-thumbnail","hentry","category-curso-2022-2023"],"_links":{"self":[{"href":"https:\/\/lajueya.net\/index.php\/wp-json\/wp\/v2\/posts\/12269","targetHints":{"allow":["GET"]}}],"collection":[{"href":"https:\/\/lajueya.net\/index.php\/wp-json\/wp\/v2\/posts"}],"about":[{"href":"https:\/\/lajueya.net\/index.php\/wp-json\/wp\/v2\/types\/post"}],"author":[{"embeddable":true,"href":"https:\/\/lajueya.net\/index.php\/wp-json\/wp\/v2\/users\/1"}],"replies":[{"embeddable":true,"href":"https:\/\/lajueya.net\/index.php\/wp-json\/wp\/v2\/comments?post=12269"}],"version-history":[{"count":25,"href":"https:\/\/lajueya.net\/index.php\/wp-json\/wp\/v2\/posts\/12269\/revisions"}],"predecessor-version":[{"id":12452,"href":"https:\/\/lajueya.net\/index.php\/wp-json\/wp\/v2\/posts\/12269\/revisions\/12452"}],"wp:featuredmedia":[{"embeddable":true,"href":"https:\/\/lajueya.net\/index.php\/wp-json\/wp\/v2\/media\/12275"}],"wp:attachment":[{"href":"https:\/\/lajueya.net\/index.php\/wp-json\/wp\/v2\/media?parent=12269"}],"wp:term":[{"taxonomy":"category","embeddable":true,"href":"https:\/\/lajueya.net\/index.php\/wp-json\/wp\/v2\/categories?post=12269"},{"taxonomy":"post_tag","embeddable":true,"href":"https:\/\/lajueya.net\/index.php\/wp-json\/wp\/v2\/tags?post=12269"}],"curies":[{"name":"wp","href":"https:\/\/api.w.org\/{rel}","templated":true}]}}