{"id":12560,"date":"2023-03-08T10:23:00","date_gmt":"2023-03-08T10:23:00","guid":{"rendered":"https:\/\/lajueya.net\/?p=12560"},"modified":"2023-03-09T14:56:48","modified_gmt":"2023-03-09T14:56:48","slug":"feminismo-joven","status":"publish","type":"post","link":"https:\/\/lajueya.net\/index.php\/2023\/03\/08\/feminismo-joven\/","title":{"rendered":"Feminismo Joven"},"content":{"rendered":"\n<p><strong>Manifestaci\u00f3n del 8-m en Aviles en 2022. A la derecha, empoderada en la reivindicaci\u00f3n, nuestra compa\u00f1era Marta Herrero Castilla, antigua redactora de <em>La Jueya<\/em>.<\/strong><\/p>\n\n\n\n<p><strong>AYM<\/strong>. Marta Herrero Castilla tiene 18 a\u00f1os y es estudiante de Filolog\u00eda Hisp\u00e1nica. Su primer contacto con las reivindicaciones feministas lo tuvo entorno a  la edad de 8 \u00f3 9 a\u00f1os, cuando asisti\u00f3 con su t\u00eda y prima a una manifestaci\u00f3n del 8M en Gij\u00f3n. En ese momento no fue consciente de lo que le supuso; pero se dio cuenta dos o tres a\u00f1os m\u00e1s tarde, ya en primero o segundo de la E.S.O. Entonces su inter\u00e9s sobre el tema aument\u00f3 y se empez\u00f3 a informar a trav\u00e9s de cuentas de chicas que hac\u00edan divulgaci\u00f3n y activismo feminista en redes sociales, leyendo libros sobre feminismo, escuchando podcast de mujeres que hablaban sobre sus vivencias, de pol\u00edtica, del papel de las mujeres a lo largo de la historia&#8230;<\/p>\n\n\n\n<p>Sus referentes siempre ser\u00e1n las mujeres de su familia: su madre, t\u00eda y abuela. Durante el instituto, algunos de su profesores y profesoras hablaban sobre el tema y esto signific\u00f3 para ella una referencia importante. Adem\u00e1s quiere resaltar el papel de unas de las grandes olvidadas en el \u00e1mbito del feminismo, referentes principales para ella adem\u00e1s de imprescindibles para el  entorno: las mujeres del medio rural.<\/p>\n\n\n\n<p>Marta afirma que el camino que se esta emprendiendo es el correcto, pero que a\u00fan queda mucho por recorrer. Ve necesaria la educaci\u00f3n feminista para no perpetuar los patrones patriarcales, para sensibilizar a la sociedad y para que los hombres tambi\u00e9n ocupen un lugar en la lucha feminista, enfrentando situaciones de desigualdad y machismo que muchas veces tienen lugar en c\u00edrculos masculinos. Cualquier persona que quiera contribuir al feminismo puede empezar inform\u00e1ndose, y el modo m\u00e1s sencillo es escuchar a las mujeres de su entorno, o bien por medio de cuentas de divulgadoras y activistas que crean contenido interesante y educativo en redes sociales, podcast, libros, series&#8230;<\/p>\n\n\n\n<figure class=\"wp-block-image aligncenter size-large is-resized\"><img loading=\"lazy\" decoding=\"async\" src=\"https:\/\/lajueya.net\/wp-content\/uploads\/2023\/03\/88m-1024x682.jpg\" alt=\"\" class=\"wp-image-12624\" width=\"540\" height=\"360\"\/><figcaption class=\"wp-element-caption\">Foto durante una manifestaci\u00f3n del 8M en Avil\u00e9s en 2022. En el centro, Marta Herrero. <\/figcaption><\/figure>\n\n\n\n<blockquote class=\"wp-block-quote is-layout-flow wp-block-quote-is-layout-flow\">\n<p>\u00bb <em>Soy feminista por m\u00ed, por las que est\u00e1n, por las que no y por las que vendr\u00e1n<\/em>.\u00bb<\/p>\n<cite>Marta Herrero Castilla. <\/cite><\/blockquote>\n\n\n\n<p>Opina que el movimiento deber\u00eda centrarse en la unidad de la lucha, en trabajar y debatir de una manera sana las diferencias y encontrar los puntos de uni\u00f3n que har\u00e1n al movimiento m\u00e1s fuerte. Este a\u00f1o, por ejemplo, se ha organizado una manifestaci\u00f3n general para el 8 de marzo en Mieres. Sin embargo, por otra parte, ha sido convocada una manifestaci\u00f3n en Gij\u00f3n a la misma hora y d\u00eda, mostrando as\u00ed la falta de consenso.  <\/p>\n\n\n\n<p>Marta Herrero, adem\u00e1s, insiste en que el feminismo ha de ser un movimiento intersectorial, inclusivo, en estrecha relaci\u00f3n con otras reivindicaciones como el antirracismo, la conciencia social y de clase.<\/p>\n\n\n\n<p>Y termina nuestra conversaci\u00f3n haci\u00e9ndonos llegar la observaci\u00f3n de que el feminismo ha sido el salvavidas de muchas mujeres y una inspiraci\u00f3n para muchas otras.  <\/p>\n\n\n\n<p>_______________________________________________________________________________________<\/p>\n\n\n\n<p>HERRERO CASTILLA, Marta. Vecina de Abiegos, Ponga. Comunicaci\u00f3n personal (2023)<\/p>\n\n\n\n<p>         <\/p>\n\n\n\n<p>         <\/p>\n\n\n\n<p>  <\/p>\n\n\n\n<p> <\/p>\n","protected":false},"excerpt":{"rendered":"<p>Manifestaci\u00f3n del 8-m en Aviles en 2022. A la derecha, empoderada en la reivindicaci\u00f3n, nuestra compa\u00f1era Marta Herrero Castilla, antigua redactora de La Jueya. AYM. Marta Herrero Castilla tiene 18 a\u00f1os y es estudiante de Filolog\u00eda Hisp\u00e1nica. Su primer contacto con las reivindicaciones feministas lo tuvo entorno a la edad de 8 \u00f3 9 a\u00f1os, [&hellip;]<\/p>\n","protected":false},"author":1,"featured_media":12627,"comment_status":"closed","ping_status":"open","sticky":false,"template":"","format":"standard","meta":{"_et_pb_use_builder":"off","_et_pb_old_content":"","_et_gb_content_width":"","footnotes":""},"categories":[25,14,50,35,44,16],"tags":[],"class_list":["post-12560","post","type-post","status-publish","format-standard","has-post-thumbnail","hentry","category-actualidad","category-cultura","category-curso-2022-2023","category-destacados","category-entrevistas","category-genero"],"_links":{"self":[{"href":"https:\/\/lajueya.net\/index.php\/wp-json\/wp\/v2\/posts\/12560","targetHints":{"allow":["GET"]}}],"collection":[{"href":"https:\/\/lajueya.net\/index.php\/wp-json\/wp\/v2\/posts"}],"about":[{"href":"https:\/\/lajueya.net\/index.php\/wp-json\/wp\/v2\/types\/post"}],"author":[{"embeddable":true,"href":"https:\/\/lajueya.net\/index.php\/wp-json\/wp\/v2\/users\/1"}],"replies":[{"embeddable":true,"href":"https:\/\/lajueya.net\/index.php\/wp-json\/wp\/v2\/comments?post=12560"}],"version-history":[{"count":33,"href":"https:\/\/lajueya.net\/index.php\/wp-json\/wp\/v2\/posts\/12560\/revisions"}],"predecessor-version":[{"id":12775,"href":"https:\/\/lajueya.net\/index.php\/wp-json\/wp\/v2\/posts\/12560\/revisions\/12775"}],"wp:featuredmedia":[{"embeddable":true,"href":"https:\/\/lajueya.net\/index.php\/wp-json\/wp\/v2\/media\/12627"}],"wp:attachment":[{"href":"https:\/\/lajueya.net\/index.php\/wp-json\/wp\/v2\/media?parent=12560"}],"wp:term":[{"taxonomy":"category","embeddable":true,"href":"https:\/\/lajueya.net\/index.php\/wp-json\/wp\/v2\/categories?post=12560"},{"taxonomy":"post_tag","embeddable":true,"href":"https:\/\/lajueya.net\/index.php\/wp-json\/wp\/v2\/tags?post=12560"}],"curies":[{"name":"wp","href":"https:\/\/api.w.org\/{rel}","templated":true}]}}