{"id":12565,"date":"2023-03-08T01:09:00","date_gmt":"2023-03-08T01:09:00","guid":{"rendered":"https:\/\/lajueya.net\/?p=12565"},"modified":"2023-03-05T08:03:28","modified_gmt":"2023-03-05T08:03:28","slug":"feminismo-en-el-centro","status":"publish","type":"post","link":"https:\/\/lajueya.net\/index.php\/2023\/03\/08\/feminismo-en-el-centro\/","title":{"rendered":"Feminismo en el centro"},"content":{"rendered":"\n<p>Grupo de murales del IES Rey Pelayo, 1 de mazo del 2023, por Luc\u00eda Trespando.<\/p>\n\n\n\n<p><strong>Luc\u00eda Trespando y Sof\u00eda Garc\u00eda.<\/strong> <\/p>\n\n\n\n<p>En el IES Rey Pelayo, con motivo del 8M, se han realizado durante muchos a\u00f1os actividades que trataron de acercar al feminismo a los alumnos, y este a\u00f1o no va a ser menos. Desde el grupo de murales de nuestro instituto, formado por estudiantes del bachillerato art\u00edstico, est\u00e1n preparando murales tem\u00e1ticos. El centro tambi\u00e9n ha organizado un concurso de relatos en conjunto con el Ayuntamiento, que ha planificado una serie de actividades durante todo el mes de marzo.<\/p>\n\n\n\n<p>En el curso 2020\/21 el alumnado de 4\u00ba de la ESO y su profesora de m\u00fasica, Cecilia Olabegogeascoechea, realizaron \u00abCREADORAS\u00bb, proyecto en que se expone el trabajo de m\u00fasicas que, pese a su talento, han sido ignoradas hist\u00f3ricamente. De cada creadora se mencionaban datos de relevancia y se  inclu\u00eda un c\u00f3digo QR que ampliaba la informaci\u00f3n.<\/p>\n\n\n\n<figure class=\"wp-block-gallery has-nested-images columns-default is-cropped wp-block-gallery-1 is-layout-flex wp-block-gallery-is-layout-flex\">\n<figure class=\"wp-block-image size-large\"><img loading=\"lazy\" decoding=\"async\" width=\"1024\" height=\"553\" data-id=\"12594\" src=\"https:\/\/lajueya.net\/wp-content\/uploads\/2023\/03\/Captura-creadoras-1024x553.png\" alt=\"\" class=\"wp-image-12594\" srcset=\"https:\/\/lajueya.net\/wp-content\/uploads\/2023\/03\/Captura-creadoras-1024x553.png 1024w, https:\/\/lajueya.net\/wp-content\/uploads\/2023\/03\/Captura-creadoras-980x529.png 980w, https:\/\/lajueya.net\/wp-content\/uploads\/2023\/03\/Captura-creadoras-480x259.png 480w\" sizes=\"(min-width: 0px) and (max-width: 480px) 480px, (min-width: 481px) and (max-width: 980px) 980px, (min-width: 981px) 1024px, 100vw\" \/><figcaption class=\"wp-element-caption\">Componente de CREADORAS, marzo del 2020, por Marta Lia\u00f1o.<\/figcaption><\/figure>\n\n\n\n<figure class=\"wp-block-image size-large\"><img loading=\"lazy\" decoding=\"async\" width=\"1024\" height=\"683\" data-id=\"12595\" src=\"https:\/\/lajueya.net\/wp-content\/uploads\/2023\/03\/trabajos-bea-1024x683.jpg\" alt=\"\" class=\"wp-image-12595\" srcset=\"https:\/\/lajueya.net\/wp-content\/uploads\/2023\/03\/trabajos-bea-980x653.jpg 980w, https:\/\/lajueya.net\/wp-content\/uploads\/2023\/03\/trabajos-bea-480x320.jpg 480w\" sizes=\"(min-width: 0px) and (max-width: 480px) 480px, (min-width: 481px) and (max-width: 980px) 980px, (min-width: 981px) 1024px, 100vw\" \/><figcaption class=\"wp-element-caption\">Trabajo alumnos de ingl\u00e9s, marzo 2022, por Beatriz Foncueva.<\/figcaption><\/figure>\n<\/figure>\n\n\n\n<p>Beatriz Foncueva, profesora de ingl\u00e9s, es una de las principales promotoras del feminismo en el centro. Durante muchos a\u00f1os se ha encargado, en grupo o en solitario, de organizar diferentes actividades para el 8M y el 25N, aunque algunas veces no tienen la mejor de las acogidas entre el alumnado, sobretodo en los ni\u00f1os. No obstante, eso no la desmotiva sino que es la se\u00f1al necesaria para saber que a\u00fan falta mucho camino por recorrer. Desde el Covid, la colaboraci\u00f3n del alumnado ha ido decreciendo y este a\u00f1o ni siquiera se ha formado un grupo que planifique todos estos proyectos.<\/p>\n\n\n\n<p>________________________________________________________________________<\/p>\n\n\n\n<p>FONCUEVA PEL\u00c1EZ, Beatriz. Cangas de On\u00eds (2023).<\/p>\n\n\n\n<p>OLABEGOGEASCOECHEA MACARR\u00d3N, Cecilia Mar\u00eda. Cangas de On\u00eds. (2023).<\/p>\n\n\n\n<p>S\u00c1NCHEZ TORRES, Ana Mar\u00eda. Cangas de On\u00eds (2023).<\/p>\n\n\n\n<p>Grupo de Trabajo \u00abMurales\u00bb. Cangas de On\u00eds (2023).<\/p>\n","protected":false},"excerpt":{"rendered":"<p>Grupo de murales del IES Rey Pelayo, 1 de mazo del 2023, por Luc\u00eda Trespando. Luc\u00eda Trespando y Sof\u00eda Garc\u00eda. En el IES Rey Pelayo, con motivo del 8M, se han realizado durante muchos a\u00f1os actividades que trataron de acercar al feminismo a los alumnos, y este a\u00f1o no va a ser menos. Desde el [&hellip;]<\/p>\n","protected":false},"author":1,"featured_media":12592,"comment_status":"closed","ping_status":"open","sticky":false,"template":"","format":"standard","meta":{"_et_pb_use_builder":"off","_et_pb_old_content":"","_et_gb_content_width":"","footnotes":""},"categories":[25,14,50,44,16],"tags":[],"class_list":["post-12565","post","type-post","status-publish","format-standard","has-post-thumbnail","hentry","category-actualidad","category-cultura","category-curso-2022-2023","category-entrevistas","category-genero"],"_links":{"self":[{"href":"https:\/\/lajueya.net\/index.php\/wp-json\/wp\/v2\/posts\/12565","targetHints":{"allow":["GET"]}}],"collection":[{"href":"https:\/\/lajueya.net\/index.php\/wp-json\/wp\/v2\/posts"}],"about":[{"href":"https:\/\/lajueya.net\/index.php\/wp-json\/wp\/v2\/types\/post"}],"author":[{"embeddable":true,"href":"https:\/\/lajueya.net\/index.php\/wp-json\/wp\/v2\/users\/1"}],"replies":[{"embeddable":true,"href":"https:\/\/lajueya.net\/index.php\/wp-json\/wp\/v2\/comments?post=12565"}],"version-history":[{"count":10,"href":"https:\/\/lajueya.net\/index.php\/wp-json\/wp\/v2\/posts\/12565\/revisions"}],"predecessor-version":[{"id":12745,"href":"https:\/\/lajueya.net\/index.php\/wp-json\/wp\/v2\/posts\/12565\/revisions\/12745"}],"wp:featuredmedia":[{"embeddable":true,"href":"https:\/\/lajueya.net\/index.php\/wp-json\/wp\/v2\/media\/12592"}],"wp:attachment":[{"href":"https:\/\/lajueya.net\/index.php\/wp-json\/wp\/v2\/media?parent=12565"}],"wp:term":[{"taxonomy":"category","embeddable":true,"href":"https:\/\/lajueya.net\/index.php\/wp-json\/wp\/v2\/categories?post=12565"},{"taxonomy":"post_tag","embeddable":true,"href":"https:\/\/lajueya.net\/index.php\/wp-json\/wp\/v2\/tags?post=12565"}],"curies":[{"name":"wp","href":"https:\/\/api.w.org\/{rel}","templated":true}]}}