{"id":12804,"date":"2023-03-27T01:08:00","date_gmt":"2023-03-27T01:08:00","guid":{"rendered":"https:\/\/lajueya.net\/?p=12804"},"modified":"2023-03-26T18:15:44","modified_gmt":"2023-03-26T18:15:44","slug":"miguel-barrera","status":"publish","type":"post","link":"https:\/\/lajueya.net\/index.php\/2023\/03\/27\/miguel-barrera\/","title":{"rendered":"Miguel Barrera."},"content":{"rendered":"\n<p>Miguel Barrera. Oficina del ayuntamiento de Cangas de On\u00eds. h.1995. \u00c1lbum familiar Miguel Barrera.<\/p>\n\n\n\n<p><strong>Javier Escand\u00f3n e Ignacio Villar<\/strong><\/p>\n\n\n\n<p>Miguel \u00c1ngel Barrera Fern\u00e1ndez, nacido el 2 de mayo de 1957,  es la persona con mas a\u00f1os como funcionario en el ayuntamiento de Cangas de On\u00eds. Su primer contacto con funciones municipales fue en el a\u00f1o 1973, cobrando recibos de agua y basura a domicilio, puerta a puerta. Despu\u00e9s de la jubilaci\u00f3n del encargado del encendido y mantenimiento de la calefacci\u00f3n del edificio consistorial, en el 1974, le ofrecieron a Miguel el cargo. El trabajo consist\u00eda en encender la calefacci\u00f3n a las 6 de la ma\u00f1ana y apagarla a las 12 del mediod\u00eda. M\u00e1s adelante pas\u00f3 a trabajar en las oficinas del ayuntamiento. Empez\u00f3 siendo auxiliar administrativo, con funciones como transcribir las actas de sesiones y plenos en los libros oficiales o enviar papeletas con el s\u00ed, el no, o el voto en blanco a todos los vecinos del municipio, como ocurri\u00f3 con la votaci\u00f3n de la Constituci\u00f3n de 1977. Tambi\u00e9n le asignaban a las mesas electorales como representante de la administraci\u00f3n. <\/p>\n\n\n\n<p>Despu\u00e9s de aprobar la oposici\u00f3n a auxiliar de administraci\u00f3n, mientras estaba realizando el servicio militar  en la provincia de Badajoz, el gobierno militar de dicha provincia le concedi\u00f3 el permiso para incorporarse a su puesto de trabajo en el ayuntamiento de Cangas de On\u00eds, al ser requerido por el secretario de la instituci\u00f3n. Como auxiliar administrativo, la primera funci\u00f3n asignada fue la de encargado del catastro r\u00fastico del municipio, enmendando los errores que los propietarios de fincas encontraban en los planos que ten\u00edan a su disposici\u00f3n. <\/p>\n\n\n\n<p>Miguel tambi\u00e9n fue el responsable de verificar, por los pueblos del municipio, el patr\u00f3n de habitantes. Y tambi\u00e9n asumi\u00f3, para  los vecinos que lo necesitasen, la tramitaci\u00f3n o renovaci\u00f3n del DNI,  proporcionando los formularios adecuados para que no tuvieran que desplazarse hasta Oviedo, y as\u00ed, m\u00e1s adelante, solo fuese necesaria la visita de la polic\u00eda nacional para tomar las huellas dactilares.<\/p>\n\n\n\n<p>El \u00faltimo cambio de destino dentro del ayuntamiento de Cangas de On\u00eds, lo condujo a la funci\u00f3n de conserje en el pabell\u00f3n de deportes, donde alcanz\u00f3 la edad de jubilaci\u00f3n en Octubre de 2022, con 47 a\u00f1os trabajados y cotizados en la administraci\u00f3n local, proclam\u00e1ndose el funcionario con mayor antig\u00fcedad en las \u00faltimas d\u00e9cadas.<\/p>\n\n\n\n<figure class=\"wp-block-image size-full\"><img loading=\"lazy\" decoding=\"async\" width=\"800\" height=\"600\" src=\"https:\/\/lajueya.net\/wp-content\/uploads\/2023\/03\/Homenaje-a-Miguel-Barrera.jpeg\" alt=\"\" class=\"wp-image-12876\" srcset=\"https:\/\/lajueya.net\/wp-content\/uploads\/2023\/03\/Homenaje-a-Miguel-Barrera.jpeg 800w, https:\/\/lajueya.net\/wp-content\/uploads\/2023\/03\/Homenaje-a-Miguel-Barrera-480x360.jpeg 480w\" sizes=\"(min-width: 0px) and (max-width: 480px) 480px, (min-width: 481px) 800px, 100vw\" \/><figcaption class=\"wp-element-caption\">Excompa\u00f1eros de trabajo del pabell\u00f3n de deportes y Miguel Barrera, en su homenaje por los 45 a\u00f1os trabajados en el ayuntamiento. De izquierda a derecha: Javier Escand\u00f3n, Miguel Barrera, Jos\u00e9 Mar\u00eda Prieto y \u00c1ngel Somoano. 2016. \u00c1lbum familiar.<\/figcaption><\/figure>\n\n\n\n<p>_____________________________________<\/p>\n\n\n\n<p>Fuentes: Miguel Barrera (Transmisi\u00f3n Oral)<\/p>\n","protected":false},"excerpt":{"rendered":"<p>Miguel Barrera. Oficina del ayuntamiento de Cangas de On\u00eds. h.1995. \u00c1lbum familiar Miguel Barrera. Javier Escand\u00f3n e Ignacio Villar Miguel \u00c1ngel Barrera Fern\u00e1ndez, nacido el 2 de mayo de 1957, es la persona con mas a\u00f1os como funcionario en el ayuntamiento de Cangas de On\u00eds. Su primer contacto con funciones municipales fue en el a\u00f1o [&hellip;]<\/p>\n","protected":false},"author":1,"featured_media":12872,"comment_status":"closed","ping_status":"open","sticky":false,"template":"","format":"standard","meta":{"_et_pb_use_builder":"","_et_pb_old_content":"","_et_gb_content_width":"","footnotes":""},"categories":[50,44],"tags":[],"class_list":["post-12804","post","type-post","status-publish","format-standard","has-post-thumbnail","hentry","category-curso-2022-2023","category-entrevistas"],"_links":{"self":[{"href":"https:\/\/lajueya.net\/index.php\/wp-json\/wp\/v2\/posts\/12804","targetHints":{"allow":["GET"]}}],"collection":[{"href":"https:\/\/lajueya.net\/index.php\/wp-json\/wp\/v2\/posts"}],"about":[{"href":"https:\/\/lajueya.net\/index.php\/wp-json\/wp\/v2\/types\/post"}],"author":[{"embeddable":true,"href":"https:\/\/lajueya.net\/index.php\/wp-json\/wp\/v2\/users\/1"}],"replies":[{"embeddable":true,"href":"https:\/\/lajueya.net\/index.php\/wp-json\/wp\/v2\/comments?post=12804"}],"version-history":[{"count":3,"href":"https:\/\/lajueya.net\/index.php\/wp-json\/wp\/v2\/posts\/12804\/revisions"}],"predecessor-version":[{"id":12944,"href":"https:\/\/lajueya.net\/index.php\/wp-json\/wp\/v2\/posts\/12804\/revisions\/12944"}],"wp:featuredmedia":[{"embeddable":true,"href":"https:\/\/lajueya.net\/index.php\/wp-json\/wp\/v2\/media\/12872"}],"wp:attachment":[{"href":"https:\/\/lajueya.net\/index.php\/wp-json\/wp\/v2\/media?parent=12804"}],"wp:term":[{"taxonomy":"category","embeddable":true,"href":"https:\/\/lajueya.net\/index.php\/wp-json\/wp\/v2\/categories?post=12804"},{"taxonomy":"post_tag","embeddable":true,"href":"https:\/\/lajueya.net\/index.php\/wp-json\/wp\/v2\/tags?post=12804"}],"curies":[{"name":"wp","href":"https:\/\/api.w.org\/{rel}","templated":true}]}}