{"id":13145,"date":"2023-05-14T01:04:00","date_gmt":"2023-05-14T01:04:00","guid":{"rendered":"https:\/\/lajueya.net\/?p=13145"},"modified":"2023-05-13T22:19:42","modified_gmt":"2023-05-13T22:19:42","slug":"historia-de-la-iglesia-de-san-pedro","status":"publish","type":"post","link":"https:\/\/lajueya.net\/index.php\/2023\/05\/14\/historia-de-la-iglesia-de-san-pedro\/","title":{"rendered":"Historia de la Iglesia de San Pedro"},"content":{"rendered":"\n<p>Vista de la fachada de la iglesia desde la plaza, imagen propia <\/p>\n\n\n\n<p><strong>AS<\/strong>. La Iglesia de parroquial de San Pedro de Viba\u00f1o, de estilo prerrom\u00e1nico, fue construida aproximadamente alrededor del finales del siglo XII y principios del XIII.<\/p>\n\n\n\n<p>A la parroquia pertenecen los pueblos de<em> Rusecu, L&#8217;Allende, Riufriu, Torrevega, Vallines y La Herrer\u00eda, <\/em>siendo colindante con las parroquias de Ardisana (oeste), Caldue\u00f1o (sur), Los Carriles (norte) y Rales (este) <\/p>\n\n\n\n<figure class=\"wp-block-image size-full\"><img loading=\"lazy\" decoding=\"async\" width=\"768\" height=\"1024\" src=\"https:\/\/lajueya.net\/wp-content\/uploads\/2023\/05\/WhatsApp-Image-2023-05-06-at-13.09.41-1.jpeg\" alt=\"\" class=\"wp-image-13152\" srcset=\"https:\/\/lajueya.net\/wp-content\/uploads\/2023\/05\/WhatsApp-Image-2023-05-06-at-13.09.41-1.jpeg 768w, https:\/\/lajueya.net\/wp-content\/uploads\/2023\/05\/WhatsApp-Image-2023-05-06-at-13.09.41-1-480x640.jpeg 480w\" sizes=\"(min-width: 0px) and (max-width: 480px) 480px, (min-width: 481px) 768px, 100vw\" \/><\/figure>\n\n\n\n<p>Fotograf\u00eda de la Virgen del Rosario e interior de la iglesia (altar), en el fondo se ve a San Pedro. Imagen propia <\/p>\n\n\n\n<p>En un documento datado en el a\u00f1o 1296, hallado en Niembro, se menciona que la Iglesia estaba unida a la de la parroquia de Caldue\u00f1o, por mandato del obispo don Alfonso. La iglesia aparece mencionada en el Libro Becerro, en el que se dice que presentaba capell\u00e1n el abad del monasterio de San Antol\u00edn de Bed\u00f3n, quien recib\u00eda diezmos de la parroquia.<\/p>\n\n\n\n<p>El cura don Pedro fund\u00f3 la capellan\u00eda del Santo Angel de la Guarda de la Iglesia Parroquial de San Pedro de Viba\u00f1o, con una capilla independiente separada por rejas, con el patronato, estrado, asiento y enterramientos en la misma, y obligaci\u00f3n al capell\u00e1n que la disfrute de dos misas semanales en ella. En Cangas de On\u00eds tambi\u00e9n funda la capilla de San Pelayo en el centro de la ciudad y el hospital ubicado en la casa que pertenecia al mercado.<\/p>\n\n\n\n<p>De la iglesia original actualmente se conservan unos canecillos ubicados en la parte trasera, entre los contrafuertes, algunos de ellos con figuras visibles a pesar de su mal estado.<\/p>\n\n\n\n<div class=\"wp-block-columns is-layout-flex wp-container-core-columns-is-layout-9d6595d7 wp-block-columns-is-layout-flex\">\n<div class=\"wp-block-column is-layout-flow wp-block-column-is-layout-flow\" style=\"flex-basis:100%\">\n<figure class=\"wp-block-image alignleft size-large is-resized\"><img loading=\"lazy\" decoding=\"async\" src=\"https:\/\/lajueya.net\/wp-content\/uploads\/2023\/05\/WhatsApp-Image-2023-05-06-at-14.06.36-edited.jpeg\" alt=\"\" class=\"wp-image-13149\" width=\"227\" height=\"302\"\/><\/figure>\n\n\n\n<div class=\"wp-block-group is-layout-constrained wp-block-group-is-layout-constrained\">\n<figure class=\"wp-block-image size-large is-resized\"><img loading=\"lazy\" decoding=\"async\" src=\"https:\/\/lajueya.net\/wp-content\/uploads\/2023\/05\/WhatsApp-Image-2023-05-06-at-14.06.35-768x1024.jpeg\" alt=\"\" class=\"wp-image-13151\" width=\"226\" height=\"301\"\/><\/figure>\n<\/div>\n<\/div>\n<\/div>\n\n\n\n<p>Vista de los canecillos mejor conservados, a la derecha un rostro y a la izquierda lo que parece un cerdo, imagen propia <\/p>\n\n\n\n<p>Durante la Guerra Civil los republicanos dieron a elegir entre quemar los santos o la iglesia, y los vecinos decidieron quemar  los santos. El pueblo pas\u00f3 al bando nacional en el a\u00f1o 1938 y durante ese periodo las campanas estuvieron colgadas de los robles de la plaza de la Iglesia hasta que don Ramon San Pedro mandara construir el actual.<\/p>\n\n\n\n<p>La iglesia consta de un p\u00f3rtico conocido por los del pueblo como <em>cabidriu<\/em>. Tambi\u00e9n destaca la torre del campanario, con cuatro campanas, una espec\u00edfica para cada celebraci\u00f3n. Fue a\u00f1adida mucho tiempo despu\u00e9s de la construcci\u00f3n de la iglesia: antiguamente la torre era de piedra y solo ten\u00eda una campana.<\/p>\n\n\n\n<p>&#8212;&#8212;&#8212;&#8212;&#8212;&#8212;&#8212;&#8212;&#8212;&#8212;&#8212;&#8212;&#8212;&#8211;<\/p>\n\n\n\n<p><strong>FUENTES <\/strong><\/p>\n\n\n\n<p><strong>RODR\u00cdGUEZ PI\u00d1ERA, MAR\u00cdA TERESA<\/strong>, vecina de Viba\u00f1o, transmisi\u00f3n oral <\/p>\n\n\n\n<p><strong>SOBRINO S\u00c1NCHEZ, BEL\u00c9N<\/strong>, vecina de Viba\u00f1o, aportaci\u00f3n de documentos <\/p>\n\n\n\n<p><strong>MART\u00cdNEZ SORDO , ANGEL SALVADOR<\/strong> , actual campanero y vecino de Viba\u00f1o, transmisi\u00f3n oral<\/p>\n\n\n\n<p><\/p>\n\n\n\n<hr class=\"wp-block-separator has-alpha-channel-opacity\"\/>\n","protected":false},"excerpt":{"rendered":"<p>Vista de la fachada de la iglesia desde la plaza, imagen propia AS. La Iglesia de parroquial de San Pedro de Viba\u00f1o, de estilo prerrom\u00e1nico, fue construida aproximadamente alrededor del finales del siglo XII y principios del XIII. A la parroquia pertenecen los pueblos de Rusecu, L&#8217;Allende, Riufriu, Torrevega, Vallines y La Herrer\u00eda, siendo colindante [&hellip;]<\/p>\n","protected":false},"author":1,"featured_media":13155,"comment_status":"closed","ping_status":"open","sticky":false,"template":"","format":"standard","meta":{"_et_pb_use_builder":"off","_et_pb_old_content":"","_et_gb_content_width":"","footnotes":""},"categories":[42,19,50,45],"tags":[],"class_list":["post-13145","post","type-post","status-publish","format-standard","has-post-thumbnail","hentry","category-arquitectura","category-arte","category-curso-2022-2023","category-historia"],"_links":{"self":[{"href":"https:\/\/lajueya.net\/index.php\/wp-json\/wp\/v2\/posts\/13145","targetHints":{"allow":["GET"]}}],"collection":[{"href":"https:\/\/lajueya.net\/index.php\/wp-json\/wp\/v2\/posts"}],"about":[{"href":"https:\/\/lajueya.net\/index.php\/wp-json\/wp\/v2\/types\/post"}],"author":[{"embeddable":true,"href":"https:\/\/lajueya.net\/index.php\/wp-json\/wp\/v2\/users\/1"}],"replies":[{"embeddable":true,"href":"https:\/\/lajueya.net\/index.php\/wp-json\/wp\/v2\/comments?post=13145"}],"version-history":[{"count":6,"href":"https:\/\/lajueya.net\/index.php\/wp-json\/wp\/v2\/posts\/13145\/revisions"}],"predecessor-version":[{"id":13423,"href":"https:\/\/lajueya.net\/index.php\/wp-json\/wp\/v2\/posts\/13145\/revisions\/13423"}],"wp:featuredmedia":[{"embeddable":true,"href":"https:\/\/lajueya.net\/index.php\/wp-json\/wp\/v2\/media\/13155"}],"wp:attachment":[{"href":"https:\/\/lajueya.net\/index.php\/wp-json\/wp\/v2\/media?parent=13145"}],"wp:term":[{"taxonomy":"category","embeddable":true,"href":"https:\/\/lajueya.net\/index.php\/wp-json\/wp\/v2\/categories?post=13145"},{"taxonomy":"post_tag","embeddable":true,"href":"https:\/\/lajueya.net\/index.php\/wp-json\/wp\/v2\/tags?post=13145"}],"curies":[{"name":"wp","href":"https:\/\/api.w.org\/{rel}","templated":true}]}}