{"id":13668,"date":"2023-10-31T01:13:00","date_gmt":"2023-10-31T01:13:00","guid":{"rendered":"https:\/\/lajueya.net\/?p=13668"},"modified":"2023-10-31T12:20:34","modified_gmt":"2023-10-31T12:20:34","slug":"escuela-en-la-capilla-de-narciandi","status":"publish","type":"post","link":"https:\/\/lajueya.net\/index.php\/2023\/10\/31\/escuela-en-la-capilla-de-narciandi\/","title":{"rendered":"Escuela en la capilla de Narciandi"},"content":{"rendered":"\n<p>Placa de reconocimiento al maestro Alejandro Casona ubicada en la capilla de San Pedro de Narciandi (26\/10\/2023)<\/p>\n\n\n\n<p><strong>Fabi\u00e1n Mel\u00e9ndez Coro<\/strong><\/p>\n\n\n\n<p>En el a\u00f1o 1931, el 28 de octubre, fue creada la escuela de Nieda , teniendo como clase una parte de una casa particular hasta 1960, que se construy\u00f3, una escuela con aula en la parte inferior y casa para el maestro en la parte superior.<\/p>\n\n\n\n<p>A esta escuela acudi\u00f3, en&nbsp;sus primeros a\u00f1os de educaci\u00f3n, Jose Alfonso Coro Suero (t\u00edo del autor). &nbsp;<\/p>\n\n\n\n<p>Posteriormente fueron cre\u00e1ndose escuelas en cada uno&nbsp;de los distintos pueblos, que fueron suprimidas d\u00e9cadas despu\u00e9s, tras la reforma escolar de 1975, con la concentraci\u00f3n de los alumnos en el Colegio p\u00fablico Reconquista, de Cangas de On\u00eds.&nbsp;<\/p>\n\n\n\n<div class=\"wp-block-group alignfull has-background is-layout-flow wp-block-group-is-layout-flow\" style=\"background-color:#f5eac1;padding-top:6vw;padding-right:6vw;padding-bottom:6vw;padding-left:6vw\">\n<div style=\"height:1vw\" aria-hidden=\"true\" class=\"wp-block-spacer\"><\/div>\n\n\n\n<div class=\"wp-block-group is-vertical is-nowrap is-layout-flex wp-container-core-group-is-layout-287ef9cb wp-block-group-is-layout-flex\" style=\"padding-right:0;padding-left:0\">\n<h6 class=\"wp-block-heading has-text-color\" id=\"ecosystem\" style=\"color:#000000;font-size:16px\">HISTORIA<\/h6>\n<\/div>\n\n\n\n<div class=\"wp-block-group alignwide is-vertical is-nowrap is-layout-flex wp-container-core-group-is-layout-8171334d wp-block-group-is-layout-flex\" style=\"padding-top:0;padding-right:0;padding-bottom:0;padding-left:0\">\n<div class=\"wp-block-columns alignwide is-layout-flex wp-container-core-columns-is-layout-724a882f wp-block-columns-is-layout-flex\">\n<div class=\"wp-block-column is-vertically-aligned-center is-layout-flow wp-block-column-is-layout-flow\" style=\"flex-basis:33%\">\n<div style=\"height:2vw\" aria-hidden=\"true\" class=\"wp-block-spacer\"><\/div>\n<\/div>\n<\/div>\n\n\n\n<div class=\"wp-block-columns alignwide is-layout-flex wp-container-core-columns-is-layout-2656d967 wp-block-columns-is-layout-flex\">\n<div class=\"wp-block-column is-layout-flow wp-block-column-is-layout-flow\" style=\"flex-basis:33.38%\">\n<p class=\"has-text-align-left\">El 4 de marzo de 1781 Pedro Riera vecino de Seg\u00fcenco y ausente de Espa\u00f1a, movido por la caridad y viendo la gran falta que hab\u00eda para los pueblos: Seg\u00fcenco, Nieda, Narciandi y Cabielles, funda en nombre de su hermano Thoribio Riera, una escuela para la ense\u00f1anza y educaci\u00f3n de la juventud de todos los alrededores.<\/p>\n\n\n\n<p>Remiti\u00f3 a poder de su hermano 10.165 reales para fundar la escuela en la capilla de San Pedro de Narciandi, inmediata a dichos&nbsp;cuatro lugares y con la expresa orden de que esta cantidad haya de ser solo para alivio de los pobres, que no tengan medios para pagar al maestro de dicha escuela y el que los tuviese haya de contribuir con alguna cosa y poni\u00e9ndolo en ejecuci\u00f3n.&nbsp;<\/p>\n<\/div>\n\n\n\n<div class=\"wp-block-column is-layout-flow wp-block-column-is-layout-flow\" style=\"flex-basis:33.62%\">\n<p>Se ofrecieron 3 vecinos de cada pueblo e hicieron una sociedad para organizar y ejecutar lo acordado con Pedro Riera, bajo las siguientes condiciones: que dichos vecinos, el que tuviese hijos y los enviase a dicha escuela haya que pagar por el tiempo que los enviase a ella un cuarto de ma\u00edz por la medida de este concejo en cada a\u00f1o, y este debe de ser de cuenta del maestro el cobrarlo; si alg\u00fan vecino enviase por alg\u00fan tiempo a alg\u00fan muchacho o&nbsp;muchacha a la escuela y no fuera todo el a\u00f1o, este ha de pagar dicho cuarto de ma\u00edz, como si cumpliese el a\u00f1o entero.&nbsp;<\/p>\n\n\n\n<p>De la cantidad de dinero cedida&nbsp;por Pedro Riera, una parte era para ayuda de la construcci\u00f3n del aula y el resto, en un tanto por ciento que se acord\u00f3 en la sociedad para el que no pudiese pagar al maestro,&nbsp;se le abonar\u00eda&nbsp;de la aportaci\u00f3n del se\u00f1or Pedro Riera. <\/p>\n<\/div>\n<\/div>\n<\/div>\n\n\n\n<p>Art\u00edculo escrito por Celso Diego Somoano. Revista San Cosme 2003<\/p>\n<\/div>\n","protected":false},"excerpt":{"rendered":"<p>Placa de reconocimiento al maestro Alejandro Casona ubicada en la capilla de San Pedro de Narciandi (26\/10\/2023) Fabi\u00e1n Mel\u00e9ndez Coro En el a\u00f1o 1931, el 28 de octubre, fue creada la escuela de Nieda , teniendo como clase una parte de una casa particular hasta 1960, que se construy\u00f3, una escuela con aula en la [&hellip;]<\/p>\n","protected":false},"author":1,"featured_media":13727,"comment_status":"closed","ping_status":"open","sticky":false,"template":"","format":"standard","meta":{"_et_pb_use_builder":"off","_et_pb_old_content":"<!-- wp:paragraph -->\n<p>Placa de reconocimiento al maestro Alejandro Casona ubicada en la capilla de San Pedro de Narciandi (26\/10\/2023)<\/p>\n<!-- \/wp:paragraph -->\n\n<!-- wp:paragraph -->\n<p><strong>Fabi\u00e1n Mel\u00e9ndez Coro<\/strong><\/p>\n<!-- \/wp:paragraph -->\n\n<!-- wp:paragraph -->\n<p>En el a\u00f1o 1931, el 28 de octubre, fue creada la escuela de Nieda , teniendo como clase una parte de una casa particular hasta 1960, que se construy\u00f3, una escuela con aula en la parte inferior y casa para el maestro en la parte superior.<\/p>\n<!-- \/wp:paragraph -->\n\n<!-- wp:paragraph -->\n<p>A esta escuela acudi\u00f3, en&nbsp;sus primeros a\u00f1os de educaci\u00f3n, Jose Alfonso Coro Suero (t\u00edo del autor). &nbsp;<\/p>\n<!-- \/wp:paragraph -->\n\n<!-- wp:paragraph -->\n<p>Posteriormente fueron cre\u00e1ndose escuelas en cada uno&nbsp;de los distintos pueblos, que fueron suprimidas d\u00e9cadas despu\u00e9s, tras la reforma escolar de 1975, con la concentraci\u00f3n de los alumnos en el Colegio p\u00fablico Reconquista, de Cangas de On\u00eds.&nbsp;<\/p>\n<!-- \/wp:paragraph -->\n\n<!-- wp:group {\"align\":\"full\",\"style\":{\"color\":{\"background\":\"#f5eac1\"},\"spacing\":{\"padding\":{\"top\":\"6vw\",\"bottom\":\"6vw\",\"left\":\"6vw\",\"right\":\"6vw\"}}},\"layout\":{\"type\":\"default\"}} -->\n<div class=\"wp-block-group alignfull has-background\" style=\"background-color:#f5eac1;padding-top:6vw;padding-right:6vw;padding-bottom:6vw;padding-left:6vw\"><!-- wp:spacer {\"height\":\"1vw\"} -->\n<div style=\"height:1vw\" aria-hidden=\"true\" class=\"wp-block-spacer\"><\/div>\n<!-- \/wp:spacer -->\n\n<!-- wp:group {\"style\":{\"spacing\":{\"blockGap\":\"16px\",\"padding\":{\"right\":\"0\",\"left\":\"0\"}}},\"layout\":{\"type\":\"flex\",\"orientation\":\"vertical\",\"flexWrap\":\"nowrap\"}} -->\n<div class=\"wp-block-group\" style=\"padding-right:0;padding-left:0\"><!-- wp:heading {\"level\":6,\"style\":{\"color\":{\"text\":\"#000000\"},\"typography\":{\"fontSize\":\"16px\"}}} -->\n<h6 class=\"wp-block-heading has-text-color\" id=\"ecosystem\" style=\"color:#000000;font-size:16px\">HISTORIA<\/h6>\n<!-- \/wp:heading --><\/div>\n<!-- \/wp:group -->\n\n<!-- wp:group {\"align\":\"wide\",\"style\":{\"spacing\":{\"blockGap\":\"3vw\",\"padding\":{\"top\":\"0\",\"bottom\":\"0\",\"left\":\"0\",\"right\":\"0\"}}},\"layout\":{\"type\":\"flex\",\"orientation\":\"vertical\",\"flexWrap\":\"nowrap\"}} -->\n<div class=\"wp-block-group alignwide\" style=\"padding-top:0;padding-right:0;padding-bottom:0;padding-left:0\"><!-- wp:columns {\"align\":\"wide\",\"style\":{\"spacing\":{\"blockGap\":{\"left\":\"3vw\"}}}} -->\n<div class=\"wp-block-columns alignwide\"><!-- wp:column {\"verticalAlignment\":\"center\",\"width\":\"33%\"} -->\n<div class=\"wp-block-column is-vertically-aligned-center\" style=\"flex-basis:33%\"><!-- wp:spacer {\"height\":\"2vw\"} -->\n<div style=\"height:2vw\" aria-hidden=\"true\" class=\"wp-block-spacer\"><\/div>\n<!-- \/wp:spacer --><\/div>\n<!-- \/wp:column --><\/div>\n<!-- \/wp:columns -->\n\n<!-- wp:columns {\"align\":\"wide\",\"style\":{\"spacing\":{\"blockGap\":{\"top\":\"3vw\",\"left\":\"3vw\"}}}} -->\n<div class=\"wp-block-columns alignwide\"><!-- wp:column {\"width\":\"33.38%\"} -->\n<div class=\"wp-block-column\" style=\"flex-basis:33.38%\"><!-- wp:paragraph {\"align\":\"left\"} -->\n<p class=\"has-text-align-left\">El 4 de marzo de 1871 Pedro Riera vecino de Seg\u00fcenco y ausente de Espa\u00f1a, movido por la caridad y viendo la gran falta que hab\u00eda para los pueblos: Seg\u00fcenco, Nieda, Narciandi y Cabielles, funda en nombre de su hermano Thoribio Riera, una escuela para la ense\u00f1anza y educaci\u00f3n de la juventud de todos los alrededores.<\/p>\n<!-- \/wp:paragraph -->\n\n<!-- wp:paragraph -->\n<p>Remiti\u00f3 a poder de su hermano 10.165 reales para fundar la escuela en la capilla de San Pedro de Narciandi, inmediata a dichos&nbsp;cuatro lugares y con la expresa orden de que esta cantidad haya de ser solo para alivio de los pobres, que no tengan medios para pagar al maestro de dicha escuela y el que los tuviese haya de contribuir con alguna cosa y poni\u00e9ndolo en ejecuci\u00f3n.&nbsp;<\/p>\n<!-- \/wp:paragraph --><\/div>\n<!-- \/wp:column -->\n\n<!-- wp:column {\"width\":\"33.62%\"} -->\n<div class=\"wp-block-column\" style=\"flex-basis:33.62%\"><!-- wp:paragraph -->\n<p>Se ofrecieron 3 vecinos de cada pueblo e hicieron una sociedad para organizar y ejecutar lo acordado con Pedro Riera, bajo las siguientes condiciones: que dichos vecinos, el que tuviese hijos y los enviase a dicha escuela haya que pagar por el tiempo que los enviase a ella un cuarto de ma\u00edz por la medida de este concejo en cada a\u00f1o, y este debe de ser de cuenta del maestro el cobrarlo; si alg\u00fan vecino enviase por alg\u00fan tiempo a alg\u00fan muchacho o&nbsp;muchacha a la escuela y no fuera todo el a\u00f1o, este ha de pagar dicho cuarto de ma\u00edz, como si cumpliese el a\u00f1o entero.&nbsp;<\/p>\n<!-- \/wp:paragraph -->\n\n<!-- wp:paragraph -->\n<p>De la cantidad de dinero cedida&nbsp;por Pedro Riera, una parte era para ayuda de la construcci\u00f3n del aula y el resto, en un tanto por ciento que se acord\u00f3 en la sociedad para el que no pudiese pagar al maestro,&nbsp;se le abonar\u00eda&nbsp;de la aportaci\u00f3n del se\u00f1or Pedro Riera. <\/p>\n<!-- \/wp:paragraph --><\/div>\n<!-- \/wp:column --><\/div>\n<!-- \/wp:columns --><\/div>\n<!-- \/wp:group -->\n\n<!-- wp:paragraph -->\n<p>Art\u00edculo escrito por Celso Diego Somoano. Revista San Cosme 2003<\/p>\n<!-- \/wp:paragraph --><\/div>\n<!-- \/wp:group -->","_et_gb_content_width":"","footnotes":""},"categories":[14,56,35,18],"tags":[],"class_list":["post-13668","post","type-post","status-publish","format-standard","has-post-thumbnail","hentry","category-cultura","category-curso-2023-2024","category-destacados","category-rural"],"_links":{"self":[{"href":"https:\/\/lajueya.net\/index.php\/wp-json\/wp\/v2\/posts\/13668","targetHints":{"allow":["GET"]}}],"collection":[{"href":"https:\/\/lajueya.net\/index.php\/wp-json\/wp\/v2\/posts"}],"about":[{"href":"https:\/\/lajueya.net\/index.php\/wp-json\/wp\/v2\/types\/post"}],"author":[{"embeddable":true,"href":"https:\/\/lajueya.net\/index.php\/wp-json\/wp\/v2\/users\/1"}],"replies":[{"embeddable":true,"href":"https:\/\/lajueya.net\/index.php\/wp-json\/wp\/v2\/comments?post=13668"}],"version-history":[{"count":15,"href":"https:\/\/lajueya.net\/index.php\/wp-json\/wp\/v2\/posts\/13668\/revisions"}],"predecessor-version":[{"id":13783,"href":"https:\/\/lajueya.net\/index.php\/wp-json\/wp\/v2\/posts\/13668\/revisions\/13783"}],"wp:featuredmedia":[{"embeddable":true,"href":"https:\/\/lajueya.net\/index.php\/wp-json\/wp\/v2\/media\/13727"}],"wp:attachment":[{"href":"https:\/\/lajueya.net\/index.php\/wp-json\/wp\/v2\/media?parent=13668"}],"wp:term":[{"taxonomy":"category","embeddable":true,"href":"https:\/\/lajueya.net\/index.php\/wp-json\/wp\/v2\/categories?post=13668"},{"taxonomy":"post_tag","embeddable":true,"href":"https:\/\/lajueya.net\/index.php\/wp-json\/wp\/v2\/tags?post=13668"}],"curies":[{"name":"wp","href":"https:\/\/api.w.org\/{rel}","templated":true}]}}