{"id":13690,"date":"2023-10-31T01:09:00","date_gmt":"2023-10-31T01:09:00","guid":{"rendered":"https:\/\/lajueya.net\/?p=13690"},"modified":"2023-10-30T19:45:54","modified_gmt":"2023-10-30T19:45:54","slug":"melendi","status":"publish","type":"post","link":"https:\/\/lajueya.net\/index.php\/2023\/10\/31\/melendi\/","title":{"rendered":"MELENDI"},"content":{"rendered":"\n<h2 class=\"wp-block-heading\">Melendi, un cantante espa\u00f1ol con una voz peculiar que da la vuelta al mundo.<\/h2>\n\n\n\n<figure class=\"wp-block-image size-large\"><img loading=\"lazy\" decoding=\"async\" width=\"1024\" height=\"628\" src=\"https:\/\/lajueya.net\/wp-content\/uploads\/2023\/10\/R-1024x628.jpg\" alt=\"\" class=\"wp-image-13694\" srcset=\"https:\/\/lajueya.net\/wp-content\/uploads\/2023\/10\/R-980x601.jpg 980w, https:\/\/lajueya.net\/wp-content\/uploads\/2023\/10\/R-480x294.jpg 480w\" sizes=\"(min-width: 0px) and (max-width: 480px) 480px, (min-width: 481px) and (max-width: 980px) 980px, (min-width: 981px) 1024px, 100vw\" \/><figcaption class=\"wp-element-caption\">Melendi en una sesi\u00f3n fotogr\u00e1fica\/ Autor: Desconocido\/ A\u00f1o: 2017<\/figcaption><\/figure>\n\n\n\n<blockquote class=\"wp-block-quote is-layout-flow wp-block-quote-is-layout-flow\">\n<p>Ram\u00f3n Melendi Espina, o Melendi como todos le conocemos , es un cantautor y compositor espa\u00f1ol de m\u00fasica pop, rock y rumba, que naci\u00f3 el 21 de enero de 1979 en Oviedo, Asturias (1).<\/p>\n<cite>Wikipedia<\/cite><\/blockquote>\n\n\n\n<p><strong>Luc\u00eda Alonso<\/strong>. Cuando era muy joven la m\u00fasica no le gustaba nada, lo \u00fanico por lo que sent\u00eda pasi\u00f3n era por el f\u00fatbol, \u200b\u200bdeporte en el que no duro mucho tiempo y lleg\u00f3 a debutar en varias categor\u00edas inferiores del equipo de su ciudad, el Real Oviedo. Dej\u00f3 el f\u00fatbol a comienzos del 2001, en ese mismo a\u00f1o decidi\u00f3 dar sus primeros pasos como m\u00fasico. Cre\u00f3 a una banda llamada \u00abSherwood Forest\u00bb,  junto a sus amigos de la infancia.<\/p>\n\n\n\n<p>&nbsp; A mediados de 2002, despu\u00e9s de la poca popularidad con el grupo&nbsp;<em>El bosque de Sherwood<\/em>, Melendi decide abandonar la banda y comenzar a construir una carrera como solista, grabando una maqueta con tres temas: \u00abSin noticias de Holanda\u00bb, \u00abVuelvo a traficar\u00bb y \u00abEl informe del forense\u00bb, con las cuales consigue su primer contacto discogr\u00e1fico en la compa\u00f1\u00eda Carlito R\u00e9cords.\u200b<\/p>\n\n\n\n<p>Melendi viaja a Madrid entre agosto y septiembre de 2002, a los estudios Oasis de dicha ciudad, donde comienza a grabar su disco, en el que todas las canciones estaban compuestas por \u00e9l, con el t\u00edtulo de una de sus primeras canciones, \u00ab<em>Sin noticias de Holanda<\/em>\u00ab. El disco sale a la venta el 11 de febrero de 2003 y en  diciembre del mismo a\u00f1o llega una edici\u00f3n exclusiva para coleccionistas que incluye los temas: \u00abAsturias\u00bb y \u00abMoratal\u00e1\u00bb, m\u00e1s los dos videoclips que grab\u00f3: \u00abMi rumbita pa&#8217; tus pies\u00bb y \u00abDesde mi ventana\u00bb.&nbsp;\u00abSin noticias de Holanda\u00bb&nbsp; supuso para Melendi los primeros pasos hacia el reconocimiento nacional, ganando en cuesti\u00f3n de meses dos discos de platino y contando con cuatro actualmente.<\/p>\n\n\n\n<p>En 2004, una de las canciones de su primer disco, \u00abCon la luna llena\u00bb, es elegida como la canci\u00f3n oficial de la Vuelta ciclista a Espa\u00f1a , y ese mismo a\u00f1o Melendi es elegido cantante revelaci\u00f3n. La versi\u00f3n de la canci\u00f3n \u00abCon la luna llena\u00bb en la Vuelta Ciclista cont\u00f3 con un v\u00eddeo promocional grabado junto al ciclista&nbsp;Abraham Olano, lo que hizo que se lanzase a la fama definitivamente. <\/p>\n\n\n\n<p> Melendi ha llegado a editar once \u00e1lbumes: \u00abSin noticias de Holanda\u00bb (2003), \u00abQue el cielo espere sentao\u00bb (2005), \u00abMientras no cueste trabajo\u00bb (2006), \u00abCuriosa la cara de tu padre\u00bb ( 2008), \u00abEmpecemos de nuevo\u00bb (2010)), \u00abL\u00e1grimas desordenadas\u00bb (2012), \u00abOtro estudiante\u00bb (2014), \u00abQu\u00edtate las gafas\u00bb (2016), \u00abAhora\u00bb (2018), 10:20:40 (2019) y \u00abLikes y Cicatrices\u00bb (2021) . Su canci\u00f3n estrella por as\u00ed decirlo y con m\u00e1s reproducciones en sus plataformas hasta el momento es \u00abDestino o Casualidad\u00bb, canci\u00f3n en la que el d\u00fao estadounidense Ha*Ash interviene en colaboraci\u00f3n con Melendi, en 2017, y que despu\u00e9s de unos a\u00f1os, sigue emocionando y poniendo la piel de gallina a todas aquellas personas que la escuchan.  <\/p>\n\n\n\n<p> <\/p>\n\n\n\n<figure class=\"wp-block-image size-large is-resized\"><img loading=\"lazy\" decoding=\"async\" width=\"576\" height=\"1024\" src=\"https:\/\/lajueya.net\/wp-content\/uploads\/2023\/10\/unnamed-1-576x1024.jpg\" alt=\"\" class=\"wp-image-13695\" style=\"aspect-ratio:0.5625;width:823px;height:auto\"\/><figcaption class=\"wp-element-caption\">Concierto de Melendi en Torrelavega\/ Autor: Luc\u00eda Alonso\/ A\u00f1o: 2023<\/figcaption><\/figure>\n\n\n\n<p>_____________________<\/p>\n\n\n\n<p>1: Wikipedia, v. Melendi<\/p>\n","protected":false},"excerpt":{"rendered":"<p>Melendi, un cantante espa\u00f1ol con una voz peculiar que da la vuelta al mundo. Ram\u00f3n Melendi Espina, o Melendi como todos le conocemos , es un cantautor y compositor espa\u00f1ol de m\u00fasica pop, rock y rumba, que naci\u00f3 el 21 de enero de 1979 en Oviedo, Asturias (1). Wikipedia Luc\u00eda Alonso. Cuando era muy joven [&hellip;]<\/p>\n","protected":false},"author":1,"featured_media":0,"comment_status":"closed","ping_status":"open","sticky":false,"template":"","format":"standard","meta":{"_et_pb_use_builder":"off","_et_pb_old_content":"","_et_gb_content_width":"","footnotes":""},"categories":[56,15],"tags":[],"class_list":["post-13690","post","type-post","status-publish","format-standard","hentry","category-curso-2023-2024","category-musica"],"_links":{"self":[{"href":"https:\/\/lajueya.net\/index.php\/wp-json\/wp\/v2\/posts\/13690","targetHints":{"allow":["GET"]}}],"collection":[{"href":"https:\/\/lajueya.net\/index.php\/wp-json\/wp\/v2\/posts"}],"about":[{"href":"https:\/\/lajueya.net\/index.php\/wp-json\/wp\/v2\/types\/post"}],"author":[{"embeddable":true,"href":"https:\/\/lajueya.net\/index.php\/wp-json\/wp\/v2\/users\/1"}],"replies":[{"embeddable":true,"href":"https:\/\/lajueya.net\/index.php\/wp-json\/wp\/v2\/comments?post=13690"}],"version-history":[{"count":11,"href":"https:\/\/lajueya.net\/index.php\/wp-json\/wp\/v2\/posts\/13690\/revisions"}],"predecessor-version":[{"id":13766,"href":"https:\/\/lajueya.net\/index.php\/wp-json\/wp\/v2\/posts\/13690\/revisions\/13766"}],"wp:attachment":[{"href":"https:\/\/lajueya.net\/index.php\/wp-json\/wp\/v2\/media?parent=13690"}],"wp:term":[{"taxonomy":"category","embeddable":true,"href":"https:\/\/lajueya.net\/index.php\/wp-json\/wp\/v2\/categories?post=13690"},{"taxonomy":"post_tag","embeddable":true,"href":"https:\/\/lajueya.net\/index.php\/wp-json\/wp\/v2\/tags?post=13690"}],"curies":[{"name":"wp","href":"https:\/\/api.w.org\/{rel}","templated":true}]}}