{"id":13834,"date":"2023-12-03T20:59:00","date_gmt":"2023-12-03T20:59:00","guid":{"rendered":"https:\/\/lajueya.net\/?p=13834"},"modified":"2023-12-03T21:14:15","modified_gmt":"2023-12-03T21:14:15","slug":"__trashed-5","status":"publish","type":"post","link":"https:\/\/lajueya.net\/index.php\/2023\/12\/03\/__trashed-5\/","title":{"rendered":"Una relaci\u00f3n adolescente envuelta en creencias"},"content":{"rendered":"\n<p><strong>Retrato de una relaci\u00f3n adolescente. A\/N.<\/strong><\/p>\n\n\n\n<p><strong>\u00c1lvaro P. Zaragoza y Noa Mart\u00ednez.<\/strong><\/p>\n\n\n\n<p>En la pel\u00edcula \u00abEl Agua\u00bb, la relaci\u00f3n entre la protagonista, Ana, y Jos\u00e9, un chico del pueblo, constituye uno de los hilos narrativos.<\/p>\n\n\n\n<p>La relaci\u00f3n comienza en las primeras secuencias del filme cuando, en una tarde de r\u00edo, ambos se conocen y surge el amor. La relaci\u00f3n discurre durante toda la pel\u00edcula entre altibajos, pero seguidos siempre de alguna soluci\u00f3n.<\/p>\n\n\n\n<p>Otra constante que se percibe en el amor\u00edo es el ambiente de tensi\u00f3n y rechazo por parte de la familia de Jos\u00e9, influida, al igual que el resto del pueblo, por la creencia en que Ana y su familia est\u00e1n afectadas por la maldici\u00f3n del agua: \u201csi el agua se enamora de ti y se te mete dentro, tarde o temprano te llevar\u00e1 con ella\u201d.<\/p>\n\n\n\n<p>El rechazo familiar se concreta en una escena. En ella, el padre de Jos\u00e9 se dirige al bar de la madre de Ana para pedirle que \u201cle quite a su hija la idea -de la relaci\u00f3n- de la cabeza, poniendo como excusa la necesidad de que su hijo se centre en su vida, en su trabajo y en la la dedicaci\u00f3n hacia la competici\u00f3n con palomas; y que no se \u201cdistraiga\u201d con ese amor. La madre de Ana se niega y acto seguido lo echa del bar.<\/p>\n\n\n\n<p>En resumen, la relaci\u00f3n entre Ana y Jos\u00e9 se apodera del relato central de la pel\u00edcula, marcada por el conjunto de episodios que rigen la evoluci\u00f3n de la trama.<\/p>\n","protected":false},"excerpt":{"rendered":"<p>Retrato de una relaci\u00f3n adolescente. A\/N. \u00c1lvaro P. Zaragoza y Noa Mart\u00ednez. En la pel\u00edcula \u00abEl Agua\u00bb, la relaci\u00f3n entre la protagonista, Ana, y Jos\u00e9, un chico del pueblo, constituye uno de los hilos narrativos. La relaci\u00f3n comienza en las primeras secuencias del filme cuando, en una tarde de r\u00edo, ambos se conocen y surge [&hellip;]<\/p>\n","protected":false},"author":1,"featured_media":13851,"comment_status":"closed","ping_status":"open","sticky":false,"template":"","format":"standard","meta":{"_et_pb_use_builder":"off","_et_pb_old_content":"<!-- wp:paragraph -->\n<p><\/p>\n<!-- \/wp:paragraph -->\n\n<!-- wp:paragraph -->\n<p>En la pel\u00edcula \"El Agua\" encontramos la relaci\u00f3n entre la protagonista, Ana, y un chico del pueblo, Jos\u00e9.<\/p>\n<!-- \/wp:paragraph -->\n\n<!-- wp:paragraph -->\n<p> Esta comienza en el principio del filme cuando en una tarde de r\u00edo ambos se conocen y surge el amor. La relaci\u00f3n transcurre durante toda la pel\u00edcula teniendo sus altibajos pero siempre solucion\u00e1ndolos. <\/p>\n<!-- \/wp:paragraph -->\n\n<!-- wp:paragraph -->\n<p>Otra caracter\u00edstica que se percibe en este amor\u00edo es un ambiente de tensi\u00f3n y rechazo de parte de la familia de Jos\u00e9 ya que piensan, al igual que el resto del pueblo, que Ana y su familia est\u00e1n afectadas por la maldici\u00f3n del agua, que dice que si el agua se enamora de ti y se te mete dentro, tarde o temprano te llevar\u00e1 con ella.<\/p>\n<!-- \/wp:paragraph -->\n\n<!-- wp:paragraph -->\n<p> Este rechazo de la familia de \u00e9l lo podemos observar en concreto en una escena en la que el padre de Jos\u00e9 se dirige al bar de la madre de Ana para pedirle que haga que la relaci\u00f3n entre sus hijos se rompa y pone como excusa que su hijo debe estar centrado en su vida y la dedicaci\u00f3n hacia la competici\u00f3n con palomas y no distra\u00eddo por el amor, a lo que ella se niega y seguidamente lo echa del bar.<\/p>\n<!-- \/wp:paragraph -->\n\n<!-- wp:paragraph -->\n<p>En resumen, la relaci\u00f3n entre Ana y Jos\u00e9 se convierte en la trama central de la pel\u00edcula, marcando as\u00ed varios acontecimientos importantes que consolidan el desarrollo de la pel\u00edcula.<\/p>\n<!-- \/wp:paragraph -->","_et_gb_content_width":"","footnotes":""},"categories":[13,56,35],"tags":[],"class_list":["post-13834","post","type-post","status-publish","format-standard","has-post-thumbnail","hentry","category-cine","category-curso-2023-2024","category-destacados"],"_links":{"self":[{"href":"https:\/\/lajueya.net\/index.php\/wp-json\/wp\/v2\/posts\/13834","targetHints":{"allow":["GET"]}}],"collection":[{"href":"https:\/\/lajueya.net\/index.php\/wp-json\/wp\/v2\/posts"}],"about":[{"href":"https:\/\/lajueya.net\/index.php\/wp-json\/wp\/v2\/types\/post"}],"author":[{"embeddable":true,"href":"https:\/\/lajueya.net\/index.php\/wp-json\/wp\/v2\/users\/1"}],"replies":[{"embeddable":true,"href":"https:\/\/lajueya.net\/index.php\/wp-json\/wp\/v2\/comments?post=13834"}],"version-history":[{"count":21,"href":"https:\/\/lajueya.net\/index.php\/wp-json\/wp\/v2\/posts\/13834\/revisions"}],"predecessor-version":[{"id":13974,"href":"https:\/\/lajueya.net\/index.php\/wp-json\/wp\/v2\/posts\/13834\/revisions\/13974"}],"wp:featuredmedia":[{"embeddable":true,"href":"https:\/\/lajueya.net\/index.php\/wp-json\/wp\/v2\/media\/13851"}],"wp:attachment":[{"href":"https:\/\/lajueya.net\/index.php\/wp-json\/wp\/v2\/media?parent=13834"}],"wp:term":[{"taxonomy":"category","embeddable":true,"href":"https:\/\/lajueya.net\/index.php\/wp-json\/wp\/v2\/categories?post=13834"},{"taxonomy":"post_tag","embeddable":true,"href":"https:\/\/lajueya.net\/index.php\/wp-json\/wp\/v2\/tags?post=13834"}],"curies":[{"name":"wp","href":"https:\/\/api.w.org\/{rel}","templated":true}]}}