{"id":13887,"date":"2023-12-03T20:50:00","date_gmt":"2023-12-03T20:50:00","guid":{"rendered":"https:\/\/lajueya.net\/?p=13887"},"modified":"2023-12-03T21:16:02","modified_gmt":"2023-12-03T21:16:02","slug":"entre-la-realidad-y-la-magia","status":"publish","type":"post","link":"https:\/\/lajueya.net\/index.php\/2023\/12\/03\/entre-la-realidad-y-la-magia\/","title":{"rendered":"Entre la realidad y la magia"},"content":{"rendered":"\n<p><strong>El agua se desplaza sobre la realidad y la arrastra. Imagen: Gabriel E., Jos\u00e9 Luis B.<\/strong><\/p>\n\n\n\n<p><strong>Gabriel E. Doana, Jos\u00e9 L. Bulnes.<\/strong> Nos ha llamado la atenci\u00f3n la interpretaci\u00f3n m\u00edtica sobre el agua que se desarrolla en la pel\u00edcula, trayendo lo m\u00e1gico a la realidad actual, de acuerdo con una tradici\u00f3n originaria de La Vega Baja, en Orihuela, pueblo de nacimiento de Elena L\u00f3pez Riera, directora de la pel\u00edcula.&nbsp;<\/p>\n\n\n\n<p>El mito, transmitido de generaci\u00f3n en generaci\u00f3n, ha sido utilizado durante siglos para explicar las inundaciones consecutivas que han afectado a la regi\u00f3n durante siglos, mostrando la dualidad de sentimientos que se despiertan ante el elemento vital, el agua: aunque es esencial para sostener la agricultura local, tambi\u00e9n es objeto de temor y respeto, como se ve reflejado ya desde la escena inicial, donde un grupo de j\u00f3venes comparte sus miedos mientras un animal muerto pasa flotando delante de ellos por el r\u00edo.&nbsp;<\/p>\n\n\n\n<p>El miedo parece incidir principalmente en las mujeres m\u00e1s j\u00f3venes, advirti\u00e9ndoles acerca del amor e intentando ejercer sobre ellas un efecto represivo. Sentir el agua dentro parece guardar relaci\u00f3n con quien se enamora de ellas y que, como en el caso de las fuertes lluvias y de las riadas, arrasa con todo a su paso para llev\u00e1rselas.<\/p>\n\n\n\n<p>La pel\u00edcula provoca reflexi\u00f3n sobre c\u00f3mo las leyendas nos pueden afectar, tanto culturalmente como en lo social, pues el enfoque narrativo va mucho m\u00e1s all\u00e1 de la mitolog\u00eda local, generando preguntas en el interior del espectador sobre la naturaleza humana y el miedo.<\/p>\n","protected":false},"excerpt":{"rendered":"<p>El agua se desplaza sobre la realidad y la arrastra. Imagen: Gabriel E., Jos\u00e9 Luis B. Gabriel E. Doana, Jos\u00e9 L. Bulnes. Nos ha llamado la atenci\u00f3n la interpretaci\u00f3n m\u00edtica sobre el agua que se desarrolla en la pel\u00edcula, trayendo lo m\u00e1gico a la realidad actual, de acuerdo con una tradici\u00f3n originaria de La Vega [&hellip;]<\/p>\n","protected":false},"author":1,"featured_media":13888,"comment_status":"closed","ping_status":"open","sticky":false,"template":"","format":"standard","meta":{"_et_pb_use_builder":"off","_et_pb_old_content":"","_et_gb_content_width":"","footnotes":""},"categories":[13,56,35],"tags":[],"class_list":["post-13887","post","type-post","status-publish","format-standard","has-post-thumbnail","hentry","category-cine","category-curso-2023-2024","category-destacados"],"_links":{"self":[{"href":"https:\/\/lajueya.net\/index.php\/wp-json\/wp\/v2\/posts\/13887","targetHints":{"allow":["GET"]}}],"collection":[{"href":"https:\/\/lajueya.net\/index.php\/wp-json\/wp\/v2\/posts"}],"about":[{"href":"https:\/\/lajueya.net\/index.php\/wp-json\/wp\/v2\/types\/post"}],"author":[{"embeddable":true,"href":"https:\/\/lajueya.net\/index.php\/wp-json\/wp\/v2\/users\/1"}],"replies":[{"embeddable":true,"href":"https:\/\/lajueya.net\/index.php\/wp-json\/wp\/v2\/comments?post=13887"}],"version-history":[{"count":4,"href":"https:\/\/lajueya.net\/index.php\/wp-json\/wp\/v2\/posts\/13887\/revisions"}],"predecessor-version":[{"id":13976,"href":"https:\/\/lajueya.net\/index.php\/wp-json\/wp\/v2\/posts\/13887\/revisions\/13976"}],"wp:featuredmedia":[{"embeddable":true,"href":"https:\/\/lajueya.net\/index.php\/wp-json\/wp\/v2\/media\/13888"}],"wp:attachment":[{"href":"https:\/\/lajueya.net\/index.php\/wp-json\/wp\/v2\/media?parent=13887"}],"wp:term":[{"taxonomy":"category","embeddable":true,"href":"https:\/\/lajueya.net\/index.php\/wp-json\/wp\/v2\/categories?post=13887"},{"taxonomy":"post_tag","embeddable":true,"href":"https:\/\/lajueya.net\/index.php\/wp-json\/wp\/v2\/tags?post=13887"}],"curies":[{"name":"wp","href":"https:\/\/api.w.org\/{rel}","templated":true}]}}