{"id":13988,"date":"2023-12-03T20:25:00","date_gmt":"2023-12-03T20:25:00","guid":{"rendered":"https:\/\/lajueya.net\/?p=13988"},"modified":"2023-12-03T21:43:38","modified_gmt":"2023-12-03T21:43:38","slug":"orihuela-rural","status":"publish","type":"post","link":"https:\/\/lajueya.net\/index.php\/2023\/12\/03\/orihuela-rural\/","title":{"rendered":"\u00bfOrihuela rural?"},"content":{"rendered":"\n<p><strong>Diego del Cueto<\/strong>. Creo que presentar un pueblo o comarca como un espacio \u00e1rido, solitario, que ahoga a sus propios habitantes es donde se comete el mayor error de la pel\u00edcula. Y tambi\u00e9n definirla como relacionada con el medio rural, cuando este aspecto aparece subordinado a un plano secundario.<\/p>\n\n\n\n<p><strong>Eloy Glez. Niembro<\/strong>. Hay una gran diferencia entre las verdaderas zonas rurales y las que se muestran en la pel\u00edcula. Para empezar, Orihuela tiene 76.000 habitantes y se presenta como un pueblo completamente desconectado con el mundo exterior.<\/p>\n\n\n\n<p><strong>Mateo F. Obaya<\/strong>. Se quiere representar Orihuela como zona rural, de un modo para nada preciso, estereotipado, como ese lugar mon\u00f3tono, sin encanto, donde todos hacen los mismo y del que los j\u00f3venes tienen ansias de salir.<\/p>\n\n\n\n<p><strong>Jos\u00e9 M\u00aa Glez de Lena Rom\u00e1n<\/strong>. Se nos muestra Orihuela como un pueblo peque\u00f1o, aislado, cuando en realidad se trata de un pueblo grande. La camarograf\u00eda elige una gama muy limitada de escenarios para hacer del lugar un espacio de poca extensi\u00f3n y de apariencia muy rural. Adem\u00e1s, la elecci\u00f3n de planos busca generar una sensaci\u00f3n de zona anticuada, para reafirmar el esp\u00edritu de la tradici\u00f3n presente en la pel\u00edcula.<\/p>\n\n\n\n<p><strong>Sergio Viego Gonz\u00e1lez.<\/strong> Aunque cada pueblo es un mundo distinto, cada uno con sus supersticiones, en todos hay una visi\u00f3n reducida de las cosas y papeles muy claros para hombres y mujeres. En este caso el \u201cpueblo\u201d funciona como una especie de prisi\u00f3n de la que la mayor\u00eda no es capaz de salir y se ve obligada a seguir la vida que las tradiciones ordenan.<\/p>\n","protected":false},"excerpt":{"rendered":"<p>Diego del Cueto. Creo que presentar un pueblo o comarca como un espacio \u00e1rido, solitario, que ahoga a sus propios habitantes es donde se comete el mayor error de la pel\u00edcula. Y tambi\u00e9n definirla como relacionada con el medio rural, cuando este aspecto aparece subordinado a un plano secundario. Eloy Glez. Niembro. Hay una gran [&hellip;]<\/p>\n","protected":false},"author":1,"featured_media":13950,"comment_status":"closed","ping_status":"open","sticky":false,"template":"","format":"standard","meta":{"_et_pb_use_builder":"off","_et_pb_old_content":"","_et_gb_content_width":"","footnotes":""},"categories":[13,56],"tags":[],"class_list":["post-13988","post","type-post","status-publish","format-standard","has-post-thumbnail","hentry","category-cine","category-curso-2023-2024"],"_links":{"self":[{"href":"https:\/\/lajueya.net\/index.php\/wp-json\/wp\/v2\/posts\/13988","targetHints":{"allow":["GET"]}}],"collection":[{"href":"https:\/\/lajueya.net\/index.php\/wp-json\/wp\/v2\/posts"}],"about":[{"href":"https:\/\/lajueya.net\/index.php\/wp-json\/wp\/v2\/types\/post"}],"author":[{"embeddable":true,"href":"https:\/\/lajueya.net\/index.php\/wp-json\/wp\/v2\/users\/1"}],"replies":[{"embeddable":true,"href":"https:\/\/lajueya.net\/index.php\/wp-json\/wp\/v2\/comments?post=13988"}],"version-history":[{"count":1,"href":"https:\/\/lajueya.net\/index.php\/wp-json\/wp\/v2\/posts\/13988\/revisions"}],"predecessor-version":[{"id":13989,"href":"https:\/\/lajueya.net\/index.php\/wp-json\/wp\/v2\/posts\/13988\/revisions\/13989"}],"wp:featuredmedia":[{"embeddable":true,"href":"https:\/\/lajueya.net\/index.php\/wp-json\/wp\/v2\/media\/13950"}],"wp:attachment":[{"href":"https:\/\/lajueya.net\/index.php\/wp-json\/wp\/v2\/media?parent=13988"}],"wp:term":[{"taxonomy":"category","embeddable":true,"href":"https:\/\/lajueya.net\/index.php\/wp-json\/wp\/v2\/categories?post=13988"},{"taxonomy":"post_tag","embeddable":true,"href":"https:\/\/lajueya.net\/index.php\/wp-json\/wp\/v2\/tags?post=13988"}],"curies":[{"name":"wp","href":"https:\/\/api.w.org\/{rel}","templated":true}]}}