{"id":14336,"date":"2024-01-30T01:10:00","date_gmt":"2024-01-30T01:10:00","guid":{"rendered":"https:\/\/lajueya.net\/?p=14336"},"modified":"2024-01-29T12:14:49","modified_gmt":"2024-01-29T12:14:49","slug":"unicef-en-el-yemen","status":"publish","type":"post","link":"https:\/\/lajueya.net\/index.php\/2024\/01\/30\/unicef-en-el-yemen\/","title":{"rendered":"Unicef en El Yemen"},"content":{"rendered":"\n<p><strong>La Directora Ejecutiva de UNICEF, Henrietta H. Fore, interact\u00faa con ni\u00f1os en el espacio para ni\u00f1os en el Centro de Salud Alqatee\u2019a en Aden, Yemen. 25 de junio de 2018<\/strong><\/p>\n\n\n\n<p><strong>Marta Mart\u00ednez y Edurne del Dago.<\/strong><\/p>\n\n\n\n<p><strong>UNICEF<\/strong> es el \u201cFondo de las Naciones Unidas para la Infancia.<\/p>\n\n\n\n<p>El Fondo defiende y promueve los derechos de los ni\u00f1os de todo el mundo porque se los considera la base del desarrollo humano.&nbsp;<\/p>\n\n\n\n<p>La actividad principal de la Organizaci\u00f3n consiste en la elaboraci\u00f3n de propuestas con el fin de acabar con la pobreza y la desigualdad.<\/p>\n\n\n\n<p>UNICEF tambi\u00e9n promueve la paz y la seguridad, realizando conferencias, visitando diferentes lugares del mundo\u2026&nbsp; y formando parte del <em>Movimiento Mundial en favor de la Infancia<\/em> para as\u00ed, intentar mejorar la vida de todos los ni\u00f1os.<\/p>\n\n\n\n<p>En 2018, Henrietta H. Fore, la directora ejecutiva de Unicef visit\u00f3 Yemen. Tras el viaje, describe c\u00f3mo estaba el pa\u00eds, que se encontraba en una situaci\u00f3n desesperada, sin servicios sociales, con la econom\u00eda en ruinas, altos precios, hospitales con graves da\u00f1os y escuelas transformadas en refugios.&nbsp;<\/p>\n\n\n\n<p>A causa de la intensa y prolongada guerra, los ni\u00f1os hab\u00edan sido expulsados de la escuela y obligados a luchar, adem\u00e1s de estar hambrientos y de correr el riesgo de morir de enfermedades perfectamente prevenibles en otro tipo de pa\u00edses.<\/p>\n\n\n\n<p>En aquella visita, la directora de UNICEF comprob\u00f3 la situaci\u00f3n de diferentes ni\u00f1os, much\u00edsimos en estado cr\u00edtico. Luchaban por sus vidas en incubadoras, no ten\u00edan el peso adecuado para su edad debido a la falta de comida y en el hospital abundaban los problemas de electricidad por lo que no se pod\u00edan llevar a cabo muchas de las operaciones necesarias.<\/p>\n\n\n\n<p>Con el tiempo se pudo organizar la ayuda, aumentando el poder adquisitivo de las familias m\u00e1s vulnerables, proporcionando agua potable, prestando atenci\u00f3n a ni\u00f1os con desnutrici\u00f3n y ofreciendo atenci\u00f3n primaria de la salud.<\/p>\n\n\n\n<p><strong>G. Barrena<\/strong>. Hoy, en El Yemen la guerra se ha recrudecido como consecuencia de la reacci\u00f3n del pueblo <em>hut\u00ed<\/em> a favor de Palestina en la guerra de Gaza: los hut\u00edes&nbsp; atacan en el estrecho de Ormuz a los barcos relacionados con Israel o con su actividad econ\u00f3mica, y los aliados de Israel, principalmente EEUU y el Reino Unido, bombardean enclaves en El Yemen como respuesta.<\/p>\n","protected":false},"excerpt":{"rendered":"<p>La Directora Ejecutiva de UNICEF, Henrietta H. Fore, interact\u00faa con ni\u00f1os en el espacio para ni\u00f1os en el Centro de Salud Alqatee\u2019a en Aden, Yemen. 25 de junio de 2018 Marta Mart\u00ednez y Edurne del Dago. UNICEF es el \u201cFondo de las Naciones Unidas para la Infancia. El Fondo defiende y promueve los derechos de [&hellip;]<\/p>\n","protected":false},"author":1,"featured_media":14391,"comment_status":"closed","ping_status":"open","sticky":false,"template":"","format":"standard","meta":{"_et_pb_use_builder":"off","_et_pb_old_content":"<!-- wp:image {\"id\":14391,\"width\":\"372px\",\"height\":\"auto\",\"sizeSlug\":\"full\",\"linkDestination\":\"none\"} -->\n<figure class=\"wp-block-image size-full is-resized\"><img src=\"https:\/\/lajueya.net\/wp-content\/uploads\/2024\/01\/image.webp\" alt=\"\" class=\"wp-image-14391\" style=\"width:372px;height:auto\"\/><\/figure>\n<!-- \/wp:image -->\n\n<!-- wp:paragraph -->\n<p><\/p>\n<!-- \/wp:paragraph -->\n\n<!-- wp:paragraph -->\n<p>Fondo de las naciones unidas para la infancia, defiende y promueve los derechos de los ni\u00f1os de todo el mundo porque es la base del desarrollo humano. Se re\u00fanen para hacer propuestas para acabar con la pobreza y desigualdad.<\/p>\n<!-- \/wp:paragraph -->\n\n<!-- wp:paragraph -->\n<p>Tratan de promover la paz y seguridad, haciendo conferencias, viajando a otros lugares del mundo... Forman parte del Movimiento Mundial en favor de la infancia para as\u00ed mejorar la vida de todos esos ni\u00f1os y ni\u00f1as.<\/p>\n<!-- \/wp:paragraph -->\n\n<!-- wp:paragraph -->\n<p>En 2018, Henrietta H. Fore, la directora ejecutiva de Unicef visit\u00f3 Yemen, cuenta como el pa\u00eds estaba en una situaci\u00f3n desesperada sin servicios sociales, la econom\u00eda en ruinas, altos precios, hospitales con graves da\u00f1os y escuelas transformadas en refugios. A causa de esta intensa guerra los ni\u00f1os han sido expulsados de la escuela y obligados a luchar o casarse adem\u00e1s de estar hambrientos y morir de enfermedades prevenibles.<\/p>\n<!-- \/wp:paragraph -->\n\n<!-- wp:paragraph -->\n<p>En aquella visita vio la situaci\u00f3n de diferentes ni\u00f1os, la mayor\u00eda se encontraban muy cr\u00edticos. Luchaban por sus vidas en incubadoras, no ten\u00edan el peso adecuado para su edad debido a la falta de comida. Aquel hospital ten\u00eda problemas de electricidad por lo que no se pod\u00edan llevar a cabo varias operaciones necesarias.<\/p>\n<!-- \/wp:paragraph -->\n\n<!-- wp:paragraph -->\n<p>Con el tiempo hemos podido ayudar aumentando el poder adquisitivo de las familias vulnerables, proporcionando agua potable, prestar atenci\u00f3n a ni\u00f1os con desnutrici\u00f3n y ofrecer atenci\u00f3n primaria de la salud.<\/p>\n<!-- \/wp:paragraph -->","_et_gb_content_width":"","footnotes":""},"categories":[56,23,58],"tags":[],"class_list":["post-14336","post","type-post","status-publish","format-standard","has-post-thumbnail","hentry","category-curso-2023-2024","category-grupos","category-paz"],"_links":{"self":[{"href":"https:\/\/lajueya.net\/index.php\/wp-json\/wp\/v2\/posts\/14336","targetHints":{"allow":["GET"]}}],"collection":[{"href":"https:\/\/lajueya.net\/index.php\/wp-json\/wp\/v2\/posts"}],"about":[{"href":"https:\/\/lajueya.net\/index.php\/wp-json\/wp\/v2\/types\/post"}],"author":[{"embeddable":true,"href":"https:\/\/lajueya.net\/index.php\/wp-json\/wp\/v2\/users\/1"}],"replies":[{"embeddable":true,"href":"https:\/\/lajueya.net\/index.php\/wp-json\/wp\/v2\/comments?post=14336"}],"version-history":[{"count":13,"href":"https:\/\/lajueya.net\/index.php\/wp-json\/wp\/v2\/posts\/14336\/revisions"}],"predecessor-version":[{"id":14445,"href":"https:\/\/lajueya.net\/index.php\/wp-json\/wp\/v2\/posts\/14336\/revisions\/14445"}],"wp:featuredmedia":[{"embeddable":true,"href":"https:\/\/lajueya.net\/index.php\/wp-json\/wp\/v2\/media\/14391"}],"wp:attachment":[{"href":"https:\/\/lajueya.net\/index.php\/wp-json\/wp\/v2\/media?parent=14336"}],"wp:term":[{"taxonomy":"category","embeddable":true,"href":"https:\/\/lajueya.net\/index.php\/wp-json\/wp\/v2\/categories?post=14336"},{"taxonomy":"post_tag","embeddable":true,"href":"https:\/\/lajueya.net\/index.php\/wp-json\/wp\/v2\/tags?post=14336"}],"curies":[{"name":"wp","href":"https:\/\/api.w.org\/{rel}","templated":true}]}}