{"id":14345,"date":"2024-01-30T01:13:00","date_gmt":"2024-01-30T01:13:00","guid":{"rendered":"https:\/\/lajueya.net\/?p=14345"},"modified":"2024-01-29T12:01:46","modified_gmt":"2024-01-29T12:01:46","slug":"la-evolucion-de-un-genocidio","status":"publish","type":"post","link":"https:\/\/lajueya.net\/index.php\/2024\/01\/30\/la-evolucion-de-un-genocidio\/","title":{"rendered":"La evoluci\u00f3n de un genocidio"},"content":{"rendered":"\n<p>Palestinos esperan para recibir comida en Rafa, en la Franja de Gaza, el 30 de noviembre, durante la tregua temporal en la guerra entre Israel y Ham\u00e1s. (Hatem Ali\/AP)<\/p>\n\n\n\n<p><strong>\u00c1lvaro P. y Noa M.<\/strong> <\/p>\n\n\n\n<p>La guerra entre Israel y el grupo palestino \u201cHam\u00e1s\u201d ha sido catalogada como la m\u00e1s destructiva de las cinco que se han llegado a vivir desde el 2007, a\u00f1o en el que \u201cHam\u00e1s\u201d comenz\u00f3 a liderar la Franja de Gaza.&nbsp;<\/p>\n\n\n\n<p>Esta \u00faltima confrontaci\u00f3n comenz\u00f3&nbsp; el 7 de octubre de 2023, cuando \u201cHam\u00e1s\u201d atac\u00f3 repentinamente el sur de Israel, causando 1.159 v\u00edctimas mortales (828 civiles y 31 menores de edad). Desde ese momento, el gobierno de Netanyahu respondi\u00f3 atacando sin descanso el territorio de Gaza, causando destrucci\u00f3n y miles de muertos.<\/p>\n\n\n\n<figure class=\"wp-block-image size-large is-resized\"><img loading=\"lazy\" decoding=\"async\" width=\"1024\" height=\"683\" src=\"https:\/\/lajueya.net\/wp-content\/uploads\/2024\/01\/rescate-palestina-1024x683.jpg\" alt=\"\" class=\"wp-image-14368\" style=\"width:622px;height:auto\" srcset=\"https:\/\/lajueya.net\/wp-content\/uploads\/2024\/01\/rescate-palestina-980x653.jpg 980w, https:\/\/lajueya.net\/wp-content\/uploads\/2024\/01\/rescate-palestina-480x320.jpg 480w\" sizes=\"(min-width: 0px) and (max-width: 480px) 480px, (min-width: 481px) and (max-width: 980px) 980px, (min-width: 981px) 1024px, 100vw\" \/><figcaption class=\"wp-element-caption\"><em>Palestinos rescatan a un ni\u00f1o de entre los escombros tras los ataques a\u00e9reos israel\u00edes en Ciudad de Gaza, Franja de Gaza. (Abed Khaled\/AP)<\/em><\/figcaption><\/figure>\n\n\n\n<p>Las cifras de fallecidos en Gaza alcanzan ya los 26.500 muertos en total, de los que 10.000 son ni\u00f1os y 7.000 mujeres. Adem\u00e1s, el n\u00famero de heridos ronda las 64.000 personas.&nbsp;<\/p>\n\n\n\n<p>Como en todos los conflictos, estas cifras no son del todo fiables, pues los intereses pol\u00edticos de los bandos enfrentados hacen que el registro de muertes sea manipulado en beneficio del pa\u00eds interesado.&nbsp;<\/p>\n\n\n\n<p>El n\u00famero puede variar tambi\u00e9n debido al derrumbamiento de edificios, en cuyos escombros pueden haber quedado personas cuyo fallecimiento no ha sido registrado en el conteo de fallecidos.<\/p>\n\n\n\n<figure class=\"wp-block-image size-full is-resized\"><img loading=\"lazy\" decoding=\"async\" width=\"973\" height=\"466\" src=\"https:\/\/lajueya.net\/wp-content\/uploads\/2024\/01\/Grafica-muertos-gaza.png\" alt=\"\" class=\"wp-image-14364\" style=\"width:626px;height:auto\" srcset=\"https:\/\/lajueya.net\/wp-content\/uploads\/2024\/01\/Grafica-muertos-gaza.png 973w, https:\/\/lajueya.net\/wp-content\/uploads\/2024\/01\/Grafica-muertos-gaza-480x230.png 480w\" sizes=\"(min-width: 0px) and (max-width: 480px) 480px, (min-width: 481px) 973px, 100vw\" \/><\/figure>\n\n\n\n<p>En esta imagen podemos observar el n\u00famero de palestinos fallecidos en la guerra de Gaza desde su comienzo hasta el d\u00eda 7 de enero. Estos datos son recogidos por el Ministerio de Salud palestino que actualiza con regularidad las cifras.<\/p>\n\n\n\n<p>_____________<\/p>\n\n\n\n<p><strong>Fuentes y art\u00edculos a partir de los que est\u00e1 elaborada la informaci\u00f3n:<\/strong><\/p>\n\n\n\n<p><a href=\"https:\/\/www.latimes.com\/espanol\/internacional\/articulo\/2023-11-04\/estas-cifras-muestran-el-impactante-numero-de-victimas-de-la-guerra-entre-israel-y-hamas\">Estas cifras muestran el impactante n\u00famero de v\u00edctimas de la guerra entre Israel y Ham\u00e1s &#8211; Los Angeles Times (latimes.com)<\/a><\/p>\n\n\n\n<p><a href=\"https:\/\/es.euronews.com\/2024\/01\/07\/el-numero-de-muertos-no-deja-de-subir-en-gaza-dos-tercios-de-las-victimas-son-mujeres-y-ni\">El n\u00famero de muertos no deja de subir en Gaza, dos tercios de las v\u00edctimas son mujeres y ni\u00f1os | Euronews<\/a><\/p>\n\n\n\n<p><a href=\"https:\/\/news.un.org\/es\/story\/2024\/01\/1527222\">Israel-Palestina: 25.000 civiles muertos en Gaza mientras siguen aumentando las necesidades humanitarias | Noticias ONU (un.org)<\/a><\/p>\n\n\n\n<p><a href=\"https:\/\/www.rtve.es\/noticias\/20240108\/tres-meses-guerra-gaza\/2470043.shtml#:~:text=Guerra%20de%202008%3A%20el%20ministerio,palestinos%3B%20la%20ONU%20inform%C3%B3%20256\">Tres meses de guerra en Gaza: el reecuento de las v\u00edctimas y el porqu\u00e9 esta no es una guerra m\u00e1s (rtve.es)<\/a><\/p>\n\n\n\n<p><a href=\"https:\/\/www.msn.com\/es-es\/noticias\/internacional\/ascienden-a-m%C3%A1s-de-26200-los-palestinos-muertos-por-la-ofensiva-de-israel-contra-la-franja-de-gaza\/ar-BB1hlmCH\">Ascienden a m\u00e1s de 26.200 los palestinos muertos por la ofensiva de Israel contra la Franja de Gaza (msn.com)<\/a><\/p>\n","protected":false},"excerpt":{"rendered":"<p>Palestinos esperan para recibir comida en Rafa, en la Franja de Gaza, el 30 de noviembre, durante la tregua temporal en la guerra entre Israel y Ham\u00e1s. (Hatem Ali\/AP) \u00c1lvaro P. y Noa M. La guerra entre Israel y el grupo palestino \u201cHam\u00e1s\u201d ha sido catalogada como la m\u00e1s destructiva de las cinco que se [&hellip;]<\/p>\n","protected":false},"author":1,"featured_media":14367,"comment_status":"closed","ping_status":"open","sticky":false,"template":"","format":"standard","meta":{"_et_pb_use_builder":"off","_et_pb_old_content":"","_et_gb_content_width":"","footnotes":""},"categories":[25,56,35,58],"tags":[],"class_list":["post-14345","post","type-post","status-publish","format-standard","has-post-thumbnail","hentry","category-actualidad","category-curso-2023-2024","category-destacados","category-paz"],"_links":{"self":[{"href":"https:\/\/lajueya.net\/index.php\/wp-json\/wp\/v2\/posts\/14345","targetHints":{"allow":["GET"]}}],"collection":[{"href":"https:\/\/lajueya.net\/index.php\/wp-json\/wp\/v2\/posts"}],"about":[{"href":"https:\/\/lajueya.net\/index.php\/wp-json\/wp\/v2\/types\/post"}],"author":[{"embeddable":true,"href":"https:\/\/lajueya.net\/index.php\/wp-json\/wp\/v2\/users\/1"}],"replies":[{"embeddable":true,"href":"https:\/\/lajueya.net\/index.php\/wp-json\/wp\/v2\/comments?post=14345"}],"version-history":[{"count":10,"href":"https:\/\/lajueya.net\/index.php\/wp-json\/wp\/v2\/posts\/14345\/revisions"}],"predecessor-version":[{"id":14442,"href":"https:\/\/lajueya.net\/index.php\/wp-json\/wp\/v2\/posts\/14345\/revisions\/14442"}],"wp:featuredmedia":[{"embeddable":true,"href":"https:\/\/lajueya.net\/index.php\/wp-json\/wp\/v2\/media\/14367"}],"wp:attachment":[{"href":"https:\/\/lajueya.net\/index.php\/wp-json\/wp\/v2\/media?parent=14345"}],"wp:term":[{"taxonomy":"category","embeddable":true,"href":"https:\/\/lajueya.net\/index.php\/wp-json\/wp\/v2\/categories?post=14345"},{"taxonomy":"post_tag","embeddable":true,"href":"https:\/\/lajueya.net\/index.php\/wp-json\/wp\/v2\/tags?post=14345"}],"curies":[{"name":"wp","href":"https:\/\/api.w.org\/{rel}","templated":true}]}}