{"id":14556,"date":"2024-02-14T07:20:00","date_gmt":"2024-02-14T07:20:00","guid":{"rendered":"https:\/\/lajueya.net\/?p=14556"},"modified":"2024-02-14T11:51:43","modified_gmt":"2024-02-14T11:51:43","slug":"de-cangas-a-la-rd-via-cuba","status":"publish","type":"post","link":"https:\/\/lajueya.net\/index.php\/2024\/02\/14\/de-cangas-a-la-rd-via-cuba\/","title":{"rendered":"De Cangas a la RD, v\u00eda Cuba"},"content":{"rendered":"\n<p>Imagen obtenida del perfil de Facebook del Instituto del Tabaco (Rep\u00fablica Dominicana)..<\/p>\n\n\n\n<p><strong>Adriana Santana<\/strong>. La emigraci\u00f3n asturiana a Cuba estuvo relacionada con el desarrollo del llamado \u00abimperio del tabaco\u00bb, y su posterior expansi\u00f3n a la Rep\u00fablica Dominicana. <\/p>\n\n\n\n<p>El salto de isla tuvo lugar con ocasi\u00f3n de la revoluci\u00f3n comunista iniciada en Cuba en 1959, cuando Fidel Castro lleg\u00f3 al poder. En ese momento, varias familias tabaqueras cubanas de origen asturiano se trasladaron a la Rep\u00fablica Dominicana. Entre tales familias, expertas en el cultivo y comercializaci\u00f3n del tabaco y en la fabricaci\u00f3n de puros, debemos mencionar a:<\/p>\n\n\n\n<p> \u00abJos\u00e9 Llerandi Mauricio (Pepe) y su hijo Joaqu\u00edn Llerandi (Quino), a Ram\u00f3n y Antonio Gonz\u00e1lez, Miguel Dosal Llerandi, F\u00e9lix Mauricio y su hijo Antero, accionistas de la \u00abCompa\u00f1\u00eda de Tabaco Quisqueya\u00bb, al igual que Manuel Quezada (Manol\u00edn) y sus hijos \u00c1lvaro y Manuel, quienes operan la empresa \u00abManipuladora de Tabaco\u00bb; lo mismo que \u00abMatasa\u00bb, que elabora la marca de cigarro Jos\u00e9 Benito. Ambos grupos -cuyos troncos familiares proceden de Cangas de Onis-, estuvieron vinculados en Cuba a las reconocidas firmas de \u00abConstantino Gonz\u00e1lez y Co.\u00bb, y \u00abSobrinos de Antero Gonz\u00e1lez, S. en C\u00bb.<br>De igual manera, Jos\u00e9 Mendez Ramos, uno de los propietarios de la reconocida empresa cubana \u00abRegal\u00edas El Cu\u00f1o\u00bb, al establecerse en el Cibao, instal\u00f3 una procesadora de tripas despalilladas, de calidad premium, empleadas mundialmente para la confecci\u00f3n de cigarros; mientras que Benjam\u00edn Men\u00e9ndez es ejecutivo de la firma \u00abGeneral Cigar\u00bb, subsidiaria de \u00abCulbro Corp.\u00bb, que fabrica localmente los afamados puros Partag\u00e1s.<br>Carlos Tora\u00f1o, tambi\u00e9n de origen asturiano, introdujo la variedad de semilla de tabaco conocida como piloto cubano y Olivero P\u00e9rez tuvo una activa participaci\u00f3n en la organizaci\u00f3n del movimiento cooperativo de los cosecheros de tabaco de la zona del Cibao, agrupadas en FETAB.\u00bb (GARC\u00cdA AR\u00c9VALO, Manuel. Embajada Dominicana en Espa\u00f1a).<\/p>\n","protected":false},"excerpt":{"rendered":"<p>Imagen obtenida del perfil de Facebook del Instituto del Tabaco (Rep\u00fablica Dominicana).. Adriana Santana. La emigraci\u00f3n asturiana a Cuba estuvo relacionada con el desarrollo del llamado \u00abimperio del tabaco\u00bb, y su posterior expansi\u00f3n a la Rep\u00fablica Dominicana. El salto de isla tuvo lugar con ocasi\u00f3n de la revoluci\u00f3n comunista iniciada en Cuba en 1959, cuando [&hellip;]<\/p>\n","protected":false},"author":1,"featured_media":14558,"comment_status":"closed","ping_status":"open","sticky":false,"template":"","format":"standard","meta":{"_et_pb_use_builder":"off","_et_pb_old_content":"","_et_gb_content_width":"","footnotes":""},"categories":[56,39],"tags":[],"class_list":["post-14556","post","type-post","status-publish","format-standard","has-post-thumbnail","hentry","category-curso-2023-2024","category-tradiciones"],"_links":{"self":[{"href":"https:\/\/lajueya.net\/index.php\/wp-json\/wp\/v2\/posts\/14556","targetHints":{"allow":["GET"]}}],"collection":[{"href":"https:\/\/lajueya.net\/index.php\/wp-json\/wp\/v2\/posts"}],"about":[{"href":"https:\/\/lajueya.net\/index.php\/wp-json\/wp\/v2\/types\/post"}],"author":[{"embeddable":true,"href":"https:\/\/lajueya.net\/index.php\/wp-json\/wp\/v2\/users\/1"}],"replies":[{"embeddable":true,"href":"https:\/\/lajueya.net\/index.php\/wp-json\/wp\/v2\/comments?post=14556"}],"version-history":[{"count":3,"href":"https:\/\/lajueya.net\/index.php\/wp-json\/wp\/v2\/posts\/14556\/revisions"}],"predecessor-version":[{"id":14560,"href":"https:\/\/lajueya.net\/index.php\/wp-json\/wp\/v2\/posts\/14556\/revisions\/14560"}],"wp:featuredmedia":[{"embeddable":true,"href":"https:\/\/lajueya.net\/index.php\/wp-json\/wp\/v2\/media\/14558"}],"wp:attachment":[{"href":"https:\/\/lajueya.net\/index.php\/wp-json\/wp\/v2\/media?parent=14556"}],"wp:term":[{"taxonomy":"category","embeddable":true,"href":"https:\/\/lajueya.net\/index.php\/wp-json\/wp\/v2\/categories?post=14556"},{"taxonomy":"post_tag","embeddable":true,"href":"https:\/\/lajueya.net\/index.php\/wp-json\/wp\/v2\/tags?post=14556"}],"curies":[{"name":"wp","href":"https:\/\/api.w.org\/{rel}","templated":true}]}}