{"id":14787,"date":"2024-03-22T08:08:00","date_gmt":"2024-03-22T08:08:00","guid":{"rendered":"https:\/\/lajueya.net\/?p=14787"},"modified":"2024-04-02T16:38:30","modified_gmt":"2024-04-02T16:38:30","slug":"repasando-el-proceso-de-elaboracion","status":"publish","type":"post","link":"https:\/\/lajueya.net\/index.php\/2024\/03\/22\/repasando-el-proceso-de-elaboracion\/","title":{"rendered":"Repasando el proceso de elaboraci\u00f3n"},"content":{"rendered":"\n<p><strong>Luis \u00c1ngel Diaz Alonso escarciando sidra<\/strong> (fotografiado el domingo 10 de marzo de 2024)<\/p>\n\n\n\n<p><strong>Fabian Mel\u00e9ndez Coro<\/strong><\/p>\n\n\n\n<p><strong>La elaboraci\u00f3n de la sidra consta de varios procesos:<\/strong><\/p>\n\n\n\n<p><strong>1-Recogida&nbsp;<\/strong><\/p>\n\n\n\n<p>La recogida de las manzanas empieza durante los primeros 15 d\u00edas del mes de octubre y consiste en seleccionar las manzanas maduras de los \u00e1rboles, este proceso se llama \u201cPa\u00f1ar\u201d. Seguidamente pasamos al proceso de lavado.&nbsp;<\/p>\n\n\n\n<p><strong>2-Elaboraci\u00f3n de nuestra sidra&nbsp;<\/strong><\/p>\n\n\n\n<p>Las manzanas se introducen en una trituradora, de la que se obtiene una pulpa que se deja macerando por unas 20 o 15 horas para que se ablande. Despu\u00e9s se deposita en el lagar para someterla posteriormente al prensado.&nbsp;<\/p>\n\n\n\n<p><strong>3-La fermentaci\u00f3n&nbsp;<\/strong><\/p>\n\n\n\n<p>Del llagar, a los toneles de madera. La sidra dulce se introduce en los toneles para iniciar, naturalmente, el proceso de fermentaci\u00f3n.&nbsp;<\/p>\n\n\n\n<p><strong>4-Cata final<\/strong><\/p>\n\n\n\n<p>Una vez finalizada la fermentaci\u00f3n de la sidra, se cata y se valora si est\u00e1 lista para corchar o embotellar.&nbsp;<\/p>\n\n\n\n<p><strong>5-Embotellado<\/strong><\/p>\n\n\n\n<p>Se realiza cuando la sidra se encuentre por debajo de 1000 de densidad y cuando supere las cualidades arom\u00e1ticas y gustativas. Se van seleccionando las distintas variedades de sidras y se preparan para salir a los mercados asturianos, nacional e internacional.&nbsp;<\/p>\n\n\n\n<p><strong>6-Log\u00edstica<\/strong><\/p>\n\n\n\n<p>La sidra llega cada d\u00eda a cientos de sidrer\u00edas, restaurantes, bares, vinotecas, superficies de alimentaci\u00f3n&#8230; de toda Espa\u00f1a y de distintos pa\u00edses en el mundo.&nbsp;<\/p>\n\n\n\n<p>&#8212;&#8212;&#8212;&#8212;&#8212;&#8212;&#8212;&#8212;&#8212;&#8212;&#8212;&#8212;&#8212;&#8212;&#8212;&#8212;&#8212;&#8212;&#8212;&#8212;&#8212;&#8212;&#8212;&#8212;&#8212;&#8212;&#8212;&#8212;&#8212;&#8212;&#8212;&#8212;&#8212;&#8212;&#8212;&#8212;&#8212;&#8212;&#8212;&#8212;<\/p>\n\n\n\n<p><strong>Fuentes: Luis \u00c1ngel Diaz Alonso, camarero de la sidrer\u00eda \u201cLa Marivuelta\u201d<\/strong><\/p>\n","protected":false},"excerpt":{"rendered":"<p>Luis \u00c1ngel Diaz Alonso escarciando sidra (fotografiado el domingo 10 de marzo de 2024) Fabian Mel\u00e9ndez Coro La elaboraci\u00f3n de la sidra consta de varios procesos: 1-Recogida&nbsp; La recogida de las manzanas empieza durante los primeros 15 d\u00edas del mes de octubre y consiste en seleccionar las manzanas maduras de los \u00e1rboles, este proceso se [&hellip;]<\/p>\n","protected":false},"author":1,"featured_media":14806,"comment_status":"closed","ping_status":"open","sticky":false,"template":"","format":"standard","meta":{"_et_pb_use_builder":"off","_et_pb_old_content":"","_et_gb_content_width":"","footnotes":""},"categories":[57,56],"tags":[],"class_list":["post-14787","post","type-post","status-publish","format-standard","has-post-thumbnail","hentry","category-cultura-de-la-sidra","category-curso-2023-2024"],"_links":{"self":[{"href":"https:\/\/lajueya.net\/index.php\/wp-json\/wp\/v2\/posts\/14787","targetHints":{"allow":["GET"]}}],"collection":[{"href":"https:\/\/lajueya.net\/index.php\/wp-json\/wp\/v2\/posts"}],"about":[{"href":"https:\/\/lajueya.net\/index.php\/wp-json\/wp\/v2\/types\/post"}],"author":[{"embeddable":true,"href":"https:\/\/lajueya.net\/index.php\/wp-json\/wp\/v2\/users\/1"}],"replies":[{"embeddable":true,"href":"https:\/\/lajueya.net\/index.php\/wp-json\/wp\/v2\/comments?post=14787"}],"version-history":[{"count":6,"href":"https:\/\/lajueya.net\/index.php\/wp-json\/wp\/v2\/posts\/14787\/revisions"}],"predecessor-version":[{"id":15025,"href":"https:\/\/lajueya.net\/index.php\/wp-json\/wp\/v2\/posts\/14787\/revisions\/15025"}],"wp:featuredmedia":[{"embeddable":true,"href":"https:\/\/lajueya.net\/index.php\/wp-json\/wp\/v2\/media\/14806"}],"wp:attachment":[{"href":"https:\/\/lajueya.net\/index.php\/wp-json\/wp\/v2\/media?parent=14787"}],"wp:term":[{"taxonomy":"category","embeddable":true,"href":"https:\/\/lajueya.net\/index.php\/wp-json\/wp\/v2\/categories?post=14787"},{"taxonomy":"post_tag","embeddable":true,"href":"https:\/\/lajueya.net\/index.php\/wp-json\/wp\/v2\/tags?post=14787"}],"curies":[{"name":"wp","href":"https:\/\/api.w.org\/{rel}","templated":true}]}}