{"id":15619,"date":"2024-11-12T01:15:00","date_gmt":"2024-11-12T01:15:00","guid":{"rendered":"https:\/\/lajueya.net\/?p=15619"},"modified":"2024-11-10T00:08:19","modified_gmt":"2024-11-10T00:08:19","slug":"la-covadonguina-31-anos-de-historia","status":"publish","type":"post","link":"https:\/\/lajueya.net\/index.php\/2024\/11\/12\/la-covadonguina-31-anos-de-historia\/","title":{"rendered":"La Covadonguina, 31 a\u00f1os de historia"},"content":{"rendered":"\n<p><strong>Andrea Intriago.<\/strong> La Covadonguina, un bar con 31 a\u00f1os de historia a sus espaldas, y uno de los lugares m\u00e1s entra\u00f1ables de la localidad de Cangas de On\u00eds, cerr\u00f3 sus puertas en el a\u00f1o 2011.<\/p>\n\n\n\n<p>Estaba ubicado haciendo esquina entre la <em>Calle<\/em> <em>Emilio Laria<\/em> y la <em>Calle del<\/em> <em>Mercado<\/em>, con Jos\u00e9 Antonio Fern\u00e1ndez y Clementina Gonz\u00e1lez, conocida como \u201cMenta\u201d, como titulares. <em>La Covadonguina<\/em> era mucho m\u00e1s que un simple establecimiento: era todo un lugar de encuentro en la ciudad y un segundo hogar para los clientes.<\/p>\n\n\n\n<p>Inaugurado en 1980, La Covadonguina manten\u00eda la esencia de los a\u00f1os anteriores, con su decoraci\u00f3n sencilla y casera. Su enorme puerta de entrada y las grandes letras pintadas que dec\u00edan \u201cLa Covadonga\u201d, se convirtieron en el s\u00edmbolo m\u00e1s caracter\u00edstico del local, aunque todos lo llamaban cari\u00f1osamente <em>La Covadonguina<\/em>.<\/p>\n\n\n\n<p>Durante tres d\u00e9cadas, fue testigo de largas partidas de brisca, tardes de incertidumbre siguiendo partidos de f\u00fatbol o, simplemente, de amenas conversaciones entre amigos.<\/p>\n\n\n\n<p>La historia del establecimiento refleja el esp\u00edritu de los bares de \u201ctoda la vida\u201d en Cangas, lugares que, m\u00e1s all\u00e1 de sus puertas, guardan historias compartidas y la huella imborrable de sus fieles clientes.<\/p>\n\n\n\n<figure class=\"wp-block-gallery has-nested-images columns-default is-cropped wp-block-gallery-1 is-layout-flex wp-block-gallery-is-layout-flex\">\n<figure class=\"wp-block-image size-large\"><img loading=\"lazy\" decoding=\"async\" width=\"679\" height=\"1024\" data-id=\"15643\" src=\"https:\/\/lajueya.net\/wp-content\/uploads\/2024\/11\/MMMM-1-679x1024.jpg\" alt=\"\" class=\"wp-image-15643\"\/><figcaption class=\"wp-element-caption\">Menta y Jos\u00e9 Antonio, con su nieto Pedro a la entrada del bar<\/figcaption><\/figure>\n\n\n\n<figure class=\"wp-block-image size-large\"><img loading=\"lazy\" decoding=\"async\" width=\"691\" height=\"1024\" data-id=\"15647\" src=\"https:\/\/lajueya.net\/wp-content\/uploads\/2024\/11\/llll-691x1024.jpg\" alt=\"\" class=\"wp-image-15647\"\/><figcaption class=\"wp-element-caption\">Menta y Jos\u00e9 Antonio junto a clientes habituales del bar <\/figcaption><\/figure>\n<\/figure>\n","protected":false},"excerpt":{"rendered":"<p>Andrea Intriago. La Covadonguina, un bar con 31 a\u00f1os de historia a sus espaldas, y uno de los lugares m\u00e1s entra\u00f1ables de la localidad de Cangas de On\u00eds, cerr\u00f3 sus puertas en el a\u00f1o 2011. Estaba ubicado haciendo esquina entre la Calle Emilio Laria y la Calle del Mercado, con Jos\u00e9 Antonio Fern\u00e1ndez y Clementina [&hellip;]<\/p>\n","protected":false},"author":91,"featured_media":15647,"comment_status":"closed","ping_status":"open","sticky":false,"template":"","format":"standard","meta":{"_et_pb_use_builder":"off","_et_pb_old_content":"","_et_gb_content_width":"","footnotes":""},"categories":[60,14,59,35,28],"tags":[],"class_list":["post-15619","post","type-post","status-publish","format-standard","has-post-thumbnail","hentry","category-bares-de-antes","category-cultura","category-curso-2024-2025","category-destacados","category-lugares"],"_links":{"self":[{"href":"https:\/\/lajueya.net\/index.php\/wp-json\/wp\/v2\/posts\/15619","targetHints":{"allow":["GET"]}}],"collection":[{"href":"https:\/\/lajueya.net\/index.php\/wp-json\/wp\/v2\/posts"}],"about":[{"href":"https:\/\/lajueya.net\/index.php\/wp-json\/wp\/v2\/types\/post"}],"author":[{"embeddable":true,"href":"https:\/\/lajueya.net\/index.php\/wp-json\/wp\/v2\/users\/91"}],"replies":[{"embeddable":true,"href":"https:\/\/lajueya.net\/index.php\/wp-json\/wp\/v2\/comments?post=15619"}],"version-history":[{"count":6,"href":"https:\/\/lajueya.net\/index.php\/wp-json\/wp\/v2\/posts\/15619\/revisions"}],"predecessor-version":[{"id":15671,"href":"https:\/\/lajueya.net\/index.php\/wp-json\/wp\/v2\/posts\/15619\/revisions\/15671"}],"wp:featuredmedia":[{"embeddable":true,"href":"https:\/\/lajueya.net\/index.php\/wp-json\/wp\/v2\/media\/15647"}],"wp:attachment":[{"href":"https:\/\/lajueya.net\/index.php\/wp-json\/wp\/v2\/media?parent=15619"}],"wp:term":[{"taxonomy":"category","embeddable":true,"href":"https:\/\/lajueya.net\/index.php\/wp-json\/wp\/v2\/categories?post=15619"},{"taxonomy":"post_tag","embeddable":true,"href":"https:\/\/lajueya.net\/index.php\/wp-json\/wp\/v2\/tags?post=15619"}],"curies":[{"name":"wp","href":"https:\/\/api.w.org\/{rel}","templated":true}]}}