{"id":5469,"date":"2019-12-19T10:50:00","date_gmt":"2019-12-19T10:50:00","guid":{"rendered":"http:\/\/lajueya.net\/?p=5469"},"modified":"2020-01-16T19:27:37","modified_gmt":"2020-01-16T19:27:37","slug":"josefina-junco","status":"publish","type":"post","link":"https:\/\/lajueya.net\/index.php\/2019\/12\/19\/josefina-junco\/","title":{"rendered":"Josefina Junco"},"content":{"rendered":"\n<p>En la localidad de Arriondas, el 15 de julio de 1949, nace Josefina Junco Quesada, una ni\u00f1a que crecer\u00eda para convertirse en fil\u00f3loga, profesora y artista autodidacta.<\/p>\n\n\n\n<p>Gij\u00f3n es la ciudad donde ense\u00f1\u00f3 Lengua y Literatura, a la vez que creaba sus diversas obras. Aqu\u00ed, en el a\u00f1o 1980, tuvo lugar su primera exposici\u00f3n individual, y en un curso de cer\u00e1mica al que asiste, se familiariza con el uso de pigmentos y colores, que se vuelven claros protagonistas en sus creaciones, llenas de fuerte sentido decorativo y masas crom\u00e1ticas<\/p>\n\n\n\n<p>Su estilo se caracteriza por ser un arte figurativo, lleno de im\u00e1genes veros\u00edmiles y familiares para la autora, con ra\u00edces casi ingenuas. Por otra parte, algunos de sus cuadros tienen una est\u00e9tica parecida al surrealismo belga, corriente que busca mostrar una realidad on\u00edrica e imaginaria, m\u00e1s all\u00e1 de la realidad f\u00edsica.&nbsp;<\/p>\n\n\n\n<p>Para nosotras, la utilizaci\u00f3n del contraste entre colores pasteles y otros muchos m\u00e1s saturados es casi hipn\u00f3tico, tranquilizante, dando hasta un toque misterioso a paisajes y objetos a los que estamos acostumbrados, como se puede apreciar en \u00ab<em>Esplendor de Invierno II<\/em>\u00ab.<br><\/p>\n\n\n\n<figure class=\"wp-block-image size-large\"><img loading=\"lazy\" decoding=\"async\" width=\"813\" height=\"693\" src=\"http:\/\/lajueya.net\/wp-content\/uploads\/2019\/12\/Screenshot_20200116_201857_com.google.android.apps_.docs_-1.jpg\" alt=\"\" class=\"wp-image-5607\" srcset=\"http:\/\/lajueya.net\/wp-content\/uploads\/2019\/12\/Screenshot_20200116_201857_com.google.android.apps_.docs_-1.jpg 813w, http:\/\/lajueya.net\/wp-content\/uploads\/2019\/12\/Screenshot_20200116_201857_com.google.android.apps_.docs_-1-480x409.jpg 480w\" sizes=\"(min-width: 0px) and (max-width: 480px) 480px, (min-width: 481px) 813px, 100vw\" \/><\/figure>\n\n\n\n<figure class=\"wp-block-gallery columns-1 is-cropped wp-block-gallery-1 is-layout-flex wp-block-gallery-is-layout-flex\"><ul class=\"blocks-gallery-grid\"><li class=\"blocks-gallery-item\"><figure><img loading=\"lazy\" decoding=\"async\" width=\"848\" height=\"600\" src=\"http:\/\/lajueya.net\/wp-content\/uploads\/2020\/01\/Screenshot_20200116_201857_com.google.android.apps_.docs-4-1.jpg\" alt=\"\" data-id=\"5611\" data-full-url=\"http:\/\/lajueya.net\/wp-content\/uploads\/2020\/01\/Screenshot_20200116_201857_com.google.android.apps_.docs-4-1.jpg\" data-link=\"http:\/\/lajueya.net\/index.php\/2019\/12\/19\/josefina-junco\/screenshot_20200116_201857_com-google-android-apps_-docs-4-1\/\" class=\"wp-image-5611\" srcset=\"http:\/\/lajueya.net\/wp-content\/uploads\/2020\/01\/Screenshot_20200116_201857_com.google.android.apps_.docs-4-1.jpg 848w, http:\/\/lajueya.net\/wp-content\/uploads\/2020\/01\/Screenshot_20200116_201857_com.google.android.apps_.docs-4-1-480x340.jpg 480w\" sizes=\"(min-width: 0px) and (max-width: 480px) 480px, (min-width: 481px) 848px, 100vw\" \/><\/figure><\/li><\/ul><\/figure>\n","protected":false},"excerpt":{"rendered":"<p>En la localidad de Arriondas, el 15 de julio de 1949, nace Josefina Junco Quesada, una ni\u00f1a que crecer\u00eda para convertirse en fil\u00f3loga, profesora y artista autodidacta. Gij\u00f3n es la ciudad donde ense\u00f1\u00f3 Lengua y Literatura, a la vez que creaba sus diversas obras. Aqu\u00ed, en el a\u00f1o 1980, tuvo lugar su primera exposici\u00f3n individual, [&hellip;]<\/p>\n","protected":false},"author":1,"featured_media":5607,"comment_status":"closed","ping_status":"open","sticky":false,"template":"","format":"standard","meta":{"_et_pb_use_builder":"","_et_pb_old_content":"","_et_gb_content_width":"","footnotes":""},"categories":[19,14,16,18],"tags":[],"class_list":["post-5469","post","type-post","status-publish","format-standard","has-post-thumbnail","hentry","category-arte","category-cultura","category-genero","category-rural"],"_links":{"self":[{"href":"https:\/\/lajueya.net\/index.php\/wp-json\/wp\/v2\/posts\/5469","targetHints":{"allow":["GET"]}}],"collection":[{"href":"https:\/\/lajueya.net\/index.php\/wp-json\/wp\/v2\/posts"}],"about":[{"href":"https:\/\/lajueya.net\/index.php\/wp-json\/wp\/v2\/types\/post"}],"author":[{"embeddable":true,"href":"https:\/\/lajueya.net\/index.php\/wp-json\/wp\/v2\/users\/1"}],"replies":[{"embeddable":true,"href":"https:\/\/lajueya.net\/index.php\/wp-json\/wp\/v2\/comments?post=5469"}],"version-history":[{"count":8,"href":"https:\/\/lajueya.net\/index.php\/wp-json\/wp\/v2\/posts\/5469\/revisions"}],"predecessor-version":[{"id":5612,"href":"https:\/\/lajueya.net\/index.php\/wp-json\/wp\/v2\/posts\/5469\/revisions\/5612"}],"wp:featuredmedia":[{"embeddable":true,"href":"https:\/\/lajueya.net\/index.php\/wp-json\/wp\/v2\/media\/5607"}],"wp:attachment":[{"href":"https:\/\/lajueya.net\/index.php\/wp-json\/wp\/v2\/media?parent=5469"}],"wp:term":[{"taxonomy":"category","embeddable":true,"href":"https:\/\/lajueya.net\/index.php\/wp-json\/wp\/v2\/categories?post=5469"},{"taxonomy":"post_tag","embeddable":true,"href":"https:\/\/lajueya.net\/index.php\/wp-json\/wp\/v2\/tags?post=5469"}],"curies":[{"name":"wp","href":"https:\/\/api.w.org\/{rel}","templated":true}]}}