{"id":5691,"date":"2019-12-19T18:55:00","date_gmt":"2019-12-19T18:55:00","guid":{"rendered":"http:\/\/lajueya.net\/?p=5691"},"modified":"2020-04-29T10:31:26","modified_gmt":"2020-04-29T10:31:26","slug":"final-fantasy-xv-parte-1-desarrollo-inicial","status":"publish","type":"post","link":"https:\/\/lajueya.net\/index.php\/2019\/12\/19\/final-fantasy-xv-parte-1-desarrollo-inicial\/","title":{"rendered":"FINAL FANTASY XV, PARTE I"},"content":{"rendered":"\n<p><strong>Iv\u00e1n G. Sol\u00eds, Edgar Fernandes<\/strong>.&nbsp;<\/p>\n\n\n\n<p>\u201cFFXV\u201d es la \u00faltima entrega de la aclamada saga <em>Final Fantasy<\/em>. La historia est\u00e1 formada por la pel\u00edcula \u00ab<em>King\u2019s Glaive FFXV<\/em>\u00ab, relatando en el primer cap\u00edtulo, \u201c<em>FFXV: Brotherhood<\/em>\u201d de la miniserie detalles de los protagonistas y, como plato principal, su videojuego, del que comentamos su peculiar desarrollo.<\/p>\n\n\n\n<p>Inicialmente anunciado para PS3 bajo el nombre de \u201c<em>FF Versus XIII<\/em>\u201d, como parte del proyecto \u201c<em>Fabula Nova Cristals<\/em>\u201d, en 2006 debuta en trailer. A pesar de su buena recepci\u00f3n y de las capacidades de <em>Square Enix <\/em>(empresa desarrolladora), llovieron problemas: el motor gr\u00e1fico no era capaz de soportarlo por falta de potencia y flexibilidad, lo que provoc\u00f3 aumento de mano de obra y desarrollo de uno nuevo.<\/p>\n\n\n\n<p>Tras a\u00f1os ca\u00f3ticos, se tomaron medidas en el equipo: Tetsuya Nomura, inicial director, pas\u00f3 a ser dise\u00f1ador de personajes (tras innumerables cambios de gui\u00f3n y dise\u00f1o art\u00edstico por su parte, Square Enix decide traspasarlo) y como nuevo director entra Hajime Tabata, quien reorganiza el gui\u00f3n y algunos conceptos primarios, renombra el juego como \u201c<em>FF XV<\/em>\u201d, y pasa a PS4 y Xbox One, salvando as\u00ed el proyecto que estaba casi en cancelaci\u00f3n. Finalmente llega al p\u00fablico en Noviembre de 2016.<\/p>\n\n\n\n<p>En el pr\u00f3ximo n\u00famero de La Jueya, la segunda parte.<\/p>\n","protected":false},"excerpt":{"rendered":"<p>Iv\u00e1n G. Sol\u00eds, Edgar Fernandes.&nbsp; \u201cFFXV\u201d es la \u00faltima entrega de la aclamada saga Final Fantasy. La historia est\u00e1 formada por la pel\u00edcula \u00abKing\u2019s Glaive FFXV\u00ab, relatando en el primer cap\u00edtulo, \u201cFFXV: Brotherhood\u201d de la miniserie detalles de los protagonistas y, como plato principal, su videojuego, del que comentamos su peculiar desarrollo. Inicialmente anunciado para [&hellip;]<\/p>\n","protected":false},"author":1,"featured_media":5693,"comment_status":"closed","ping_status":"open","sticky":false,"template":"","format":"standard","meta":{"_et_pb_use_builder":"off","_et_pb_old_content":"","_et_gb_content_width":"","footnotes":""},"categories":[34],"tags":[30],"class_list":["post-5691","post","type-post","status-publish","format-standard","has-post-thumbnail","hentry","category-anime","tag-geek"],"_links":{"self":[{"href":"https:\/\/lajueya.net\/index.php\/wp-json\/wp\/v2\/posts\/5691","targetHints":{"allow":["GET"]}}],"collection":[{"href":"https:\/\/lajueya.net\/index.php\/wp-json\/wp\/v2\/posts"}],"about":[{"href":"https:\/\/lajueya.net\/index.php\/wp-json\/wp\/v2\/types\/post"}],"author":[{"embeddable":true,"href":"https:\/\/lajueya.net\/index.php\/wp-json\/wp\/v2\/users\/1"}],"replies":[{"embeddable":true,"href":"https:\/\/lajueya.net\/index.php\/wp-json\/wp\/v2\/comments?post=5691"}],"version-history":[{"count":5,"href":"https:\/\/lajueya.net\/index.php\/wp-json\/wp\/v2\/posts\/5691\/revisions"}],"predecessor-version":[{"id":6310,"href":"https:\/\/lajueya.net\/index.php\/wp-json\/wp\/v2\/posts\/5691\/revisions\/6310"}],"wp:featuredmedia":[{"embeddable":true,"href":"https:\/\/lajueya.net\/index.php\/wp-json\/wp\/v2\/media\/5693"}],"wp:attachment":[{"href":"https:\/\/lajueya.net\/index.php\/wp-json\/wp\/v2\/media?parent=5691"}],"wp:term":[{"taxonomy":"category","embeddable":true,"href":"https:\/\/lajueya.net\/index.php\/wp-json\/wp\/v2\/categories?post=5691"},{"taxonomy":"post_tag","embeddable":true,"href":"https:\/\/lajueya.net\/index.php\/wp-json\/wp\/v2\/tags?post=5691"}],"curies":[{"name":"wp","href":"https:\/\/api.w.org\/{rel}","templated":true}]}}