{"id":5974,"date":"2020-03-24T19:58:35","date_gmt":"2020-03-24T19:58:35","guid":{"rendered":"https:\/\/lajueya.net\/?p=5974"},"modified":"2020-04-17T10:08:18","modified_gmt":"2020-04-17T10:08:18","slug":"mas-alla-del-negro","status":"publish","type":"post","link":"https:\/\/lajueya.net\/index.php\/2020\/03\/24\/mas-alla-del-negro\/","title":{"rendered":"M\u00e1s all\u00e1 del negro"},"content":{"rendered":"\n<p><strong>Laura, Camila y \u00c1ngela<\/strong>. <\/p>\n\n\n\n<p>Mar\u00eda de las Alas Pumari\u00f1o naci\u00f3 en Avil\u00e9s, el 22 de agosto de 1915. Proven\u00eda de una familia acomodada y, durante su juventud, estudi\u00f3 en la Escuela de Comercio de Gij\u00f3n. Vivi\u00f3 en la \u00e9poca de la Segunda Rep\u00fablica espa\u00f1ola, cuando decidi\u00f3 contraer nupcias con un anarquista. Su marido se alist\u00f3 en el Ej\u00e9rcito republicano, muriendo poco meses despu\u00e9s de empezar el conflicto b\u00e9lico, en 1936, en el frente de San Cucao de Llanera, haciendo que Mar\u00eda se convirtiera en una \u201cviuda roja\u201d. Es en este tiempo cuando se da cuenta de las&nbsp;atrocidades cometidas en la Guerra Civil, al ayudar a los soldados heridos como enfermera en el Hospital de Sangre de Gij\u00f3n.&nbsp;<\/p>\n\n\n\n<p>A\u00f1os despu\u00e9s, durante la dictadura, y tras enviudar de su segundo marido, empieza a manifestar su preocupaci\u00f3n por la situaci\u00f3n de las familias que hab\u00edan perdido a familiares a manos del bando Nacional, ya que ellos eran los que m\u00e1s sufr\u00edan el castigo y la segregaci\u00f3n por pertenecer al bando perdedor. Mar\u00eda, que vivi\u00f3 en carne propia las vejaciones hacia las viudas, humilladas p\u00fablicamente y obligadas a tener trabajos precarios para poder sustentar a sus familias, decidi\u00f3 tomar cartas en el asunto y, en 1977, consigui\u00f3 anunciar en el diario El Comercio una reuni\u00f3n para todas las viudas rojas asturianas, sumando casi 3.000 mujeres ( sin contar las familias que depend\u00edan de ellas). Con ello, empieza a difundir la situaci\u00f3n de estas viudas, visitando localidades asturianas y organizando asambleas en Gij\u00f3n, y creando lazos de solidaridad con viudas del Ej\u00e9rcito Republicano catalanas y vascas.<\/p>\n\n\n\n<p>Ya en 1978, crea La Asociaci\u00f3n de Viudas de la Rep\u00fablica \u201cRosario Acu\u00f1a\u201d ( que sigue ofreciendo sus servicios al d\u00eda de hoy), lo que la impuls\u00f3 a tener entrevistas con importantes l\u00edderes pol\u00edticos, eclesi\u00e1sticos o institucionales espa\u00f1oles, como la reina Sof\u00eda, a quien le escribi\u00f3 una carta explicando los conflictos y discriminaciones hacia las viudas republicanas. Estos esfuerzos dieron sus frutos, y en diciembre de 1993 se publica un real decreto que regulaba los derechos de las viudas de guerra en el Bolet\u00edn Oficial del Estado.<\/p>\n\n\n\n<p>En honor a Mar\u00eda, quien muri\u00f3 el 09 de marzo de 2002 en Gij\u00f3n, existe una calle con su nombre y una escuela, recalcando el protagonismo que tuvo en la lucha por los derechos de la mujer asturiana.<\/p>\n","protected":false},"excerpt":{"rendered":"<p>Laura, Camila y \u00c1ngela. Mar\u00eda de las Alas Pumari\u00f1o naci\u00f3 en Avil\u00e9s, el 22 de agosto de 1915. Proven\u00eda de una familia acomodada y, durante su juventud, estudi\u00f3 en la Escuela de Comercio de Gij\u00f3n. Vivi\u00f3 en la \u00e9poca de la Segunda Rep\u00fablica espa\u00f1ola, cuando decidi\u00f3 contraer nupcias con un anarquista. Su marido se alist\u00f3 [&hellip;]<\/p>\n","protected":false},"author":1,"featured_media":5975,"comment_status":"closed","ping_status":"open","sticky":false,"template":"","format":"standard","meta":{"_et_pb_use_builder":"off","_et_pb_old_content":"","_et_gb_content_width":"","footnotes":""},"categories":[14,16],"tags":[],"class_list":["post-5974","post","type-post","status-publish","format-standard","has-post-thumbnail","hentry","category-cultura","category-genero"],"_links":{"self":[{"href":"https:\/\/lajueya.net\/index.php\/wp-json\/wp\/v2\/posts\/5974","targetHints":{"allow":["GET"]}}],"collection":[{"href":"https:\/\/lajueya.net\/index.php\/wp-json\/wp\/v2\/posts"}],"about":[{"href":"https:\/\/lajueya.net\/index.php\/wp-json\/wp\/v2\/types\/post"}],"author":[{"embeddable":true,"href":"https:\/\/lajueya.net\/index.php\/wp-json\/wp\/v2\/users\/1"}],"replies":[{"embeddable":true,"href":"https:\/\/lajueya.net\/index.php\/wp-json\/wp\/v2\/comments?post=5974"}],"version-history":[{"count":3,"href":"https:\/\/lajueya.net\/index.php\/wp-json\/wp\/v2\/posts\/5974\/revisions"}],"predecessor-version":[{"id":6102,"href":"https:\/\/lajueya.net\/index.php\/wp-json\/wp\/v2\/posts\/5974\/revisions\/6102"}],"wp:featuredmedia":[{"embeddable":true,"href":"https:\/\/lajueya.net\/index.php\/wp-json\/wp\/v2\/media\/5975"}],"wp:attachment":[{"href":"https:\/\/lajueya.net\/index.php\/wp-json\/wp\/v2\/media?parent=5974"}],"wp:term":[{"taxonomy":"category","embeddable":true,"href":"https:\/\/lajueya.net\/index.php\/wp-json\/wp\/v2\/categories?post=5974"},{"taxonomy":"post_tag","embeddable":true,"href":"https:\/\/lajueya.net\/index.php\/wp-json\/wp\/v2\/tags?post=5974"}],"curies":[{"name":"wp","href":"https:\/\/api.w.org\/{rel}","templated":true}]}}