{"id":6561,"date":"2020-11-16T23:11:00","date_gmt":"2020-11-16T23:11:00","guid":{"rendered":"https:\/\/lajueya.net\/?p=6561"},"modified":"2020-11-23T12:10:35","modified_gmt":"2020-11-23T12:10:35","slug":"los-arrudos-de-avalle","status":"publish","type":"post","link":"https:\/\/lajueya.net\/index.php\/2020\/11\/16\/los-arrudos-de-avalle\/","title":{"rendered":"Los Arrudos de Avalle"},"content":{"rendered":"\n<p class=\"has-text-align-left\"><strong>Alfredo Garc\u00eda y Mayra Fern\u00e1ndez<\/strong>. <\/p>\n\n\n\n<h2 class=\"wp-block-heading\"><strong>El inicio de la energ\u00eda hidroel\u00e9ctrica en Cangas de On\u00eds<\/strong><\/h2>\n\n\n\n<p>La construcci\u00f3n de la primera <strong>F\u00e1brica de Luz de Cangas de On\u00eds<\/strong> se inicia en 1894, tras la compra de un molino harinero de dos muelas, propiedad de Don Antonio Villaverde, en <em>Los Arrudos* de Avalle.<\/em><\/p>\n\n\n\n<p>Los cangueses Don Isidoro Cuesta y Don Diego S\u00e1nchez, se ve\u00edan atra\u00eddos por la idea de establecer en <em>El Molino de Arrudos<\/em>, una central hidroel\u00e9ctrica capaz de aprovechar la fuerza del R\u00edo Sella a su paso por Avalle y Ca\u00f1o.<\/p>\n\n\n\n<blockquote class=\"wp-block-quote is-style-large is-layout-flow wp-block-quote-is-layout-flow\"><p>\u00abUna f\u00e1brica o artefacto de maquinaria para producir luz el\u00e9ctrica con destino a Cangas de On\u00eds\u00bb<\/p><cite><strong>Don<\/strong> <strong>Diego S\u00e1nchez.<\/strong> <em>Archivo de Protocolos Notariales de Cangas de On\u00eds, Casa de la Cultura de Cangas de On\u00eds.<\/em>*<\/cite><\/blockquote>\n\n\n\n<p>Es entonces cuando se forma la Sociedad <em>\u00abCuesta y S\u00e1nchez\u00bb<\/em>, promotora del proyecto. Don Isidoro Cuesta se convierte en el socio principal, encargado de proporcionar el terreno de dicha construcci\u00f3n, mientras que Don Diego S\u00e1nchez debe suministrar todos los fondos necesarios para poder llevarlo a cabo. <\/p>\n\n\n\n<p>M\u00e1s tarde, en 1899 se crear\u00eda la Sociedad <em>\u00abElectro Canguesa\u00bb<\/em>, que comprar\u00eda la central, hasta la construcci\u00f3n de la actual planta hidroel\u00e9ctrica en 1924.<\/p>\n\n\n\n<div class=\"wp-block-image\"><figure class=\"aligncenter size-large\"><img loading=\"lazy\" decoding=\"async\" width=\"1024\" height=\"707\" src=\"https:\/\/lajueya.net\/wp-content\/uploads\/2020\/11\/IMG_0818-1024x707.png\" alt=\"\" class=\"wp-image-6601\" srcset=\"https:\/\/lajueya.net\/wp-content\/uploads\/2020\/11\/IMG_0818-980x677.png 980w, https:\/\/lajueya.net\/wp-content\/uploads\/2020\/11\/IMG_0818-480x332.png 480w\" sizes=\"(min-width: 0px) and (max-width: 480px) 480px, (min-width: 481px) and (max-width: 980px) 980px, (min-width: 981px) 1024px, 100vw\" \/><figcaption>                                                                                                                                                                          F\u00e1brica de Luz de Cangas de On\u00eds. Avalle<\/figcaption><\/figure><\/div>\n\n\n\n<p><em>*Arrudos: Colgadoriu fechu d\u2019un tueru o poste de madera y ganchos. En este caso hace referencia a la continua sucesion de niveles que experimente el R\u00edo Sella en este tramo.<\/em> (DALLA)<\/p>\n\n\n\n<p><strong>Localizaci\u00f3n Google Maps<\/strong><\/p>\n\n\n\n<iframe loading=\"lazy\" src=\"https:\/\/www.google.com\/maps\/embed?pb=!1m10!1m8!1m3!1d275.29743058797527!2d-5.136688693897149!3d43.32396977465668!3m2!1i1024!2i768!4f13.1!5e1!3m2!1ses!2ses!4v1605528332836!5m2!1ses!2ses\" style=\"border:0;\" allowfullscreen=\"\" aria-hidden=\"false\" tabindex=\"0\" width=\"600\" height=\"450\" frameborder=\"0\"><\/iframe>\n\n\n\n<p>______________________<\/p>\n\n\n\n<ul class=\"wp-block-list\"><li>Gonz\u00e1lez Palomares, David (2020):<em> <strong><a href=\"https:\/\/www.artyhum.com\/revista\/76\/#p=67\" target=\"_blank\" rel=\"noreferrer noopener\">La luz del Sella<\/a><\/strong><\/em>, en <em>Arte y Humanidades<\/em>, n\u00ba 76, p\u00e1g. 65 a 93.<\/li><\/ul>\n","protected":false},"excerpt":{"rendered":"<p>Alfredo Garc\u00eda y Mayra Fern\u00e1ndez. El inicio de la energ\u00eda hidroel\u00e9ctrica en Cangas de On\u00eds La construcci\u00f3n de la primera F\u00e1brica de Luz de Cangas de On\u00eds se inicia en 1894, tras la compra de un molino harinero de dos muelas, propiedad de Don Antonio Villaverde, en Los Arrudos* de Avalle. Los cangueses Don Isidoro [&hellip;]<\/p>\n","protected":false},"author":1,"featured_media":6617,"comment_status":"closed","ping_status":"open","sticky":false,"template":"","format":"standard","meta":{"_et_pb_use_builder":"off","_et_pb_old_content":"<!-- wp:paragraph {\"align\":\"left\"} -->\n<p class=\"has-text-align-left\">Por Alfredo Garc\u00eda y Mayra Fern\u00e1ndez<\/p>\n<!-- \/wp:paragraph -->\n\n<!-- wp:heading -->\n<h2><strong>El inicio de la energ\u00eda hidroel\u00e9ctrica en Cangas de On\u00eds<\/strong><\/h2>\n<!-- \/wp:heading -->\n\n<!-- wp:paragraph -->\n<p>La construcci\u00f3n de la primera <strong>F\u00e1brica de Luz de Cangas de On\u00eds<\/strong> se inicia en 1894, tras la compra de un molino harinero de dos muelas, propiedad de Don Antonio Villaverde, en <em>Los Arrudos* de Avalle.<\/em><\/p>\n<!-- \/wp:paragraph -->\n\n<!-- wp:paragraph -->\n<p>Los cangueses Don Isidoro Cuesta y Don Diego S\u00e1nchez, se ve\u00edan atra\u00eddos por la idea de establecer en <em>El Molino de Arrudos<\/em>, una central hidroel\u00e9ctrica capaz de aprovechar la fuerza del R\u00edo Sella a su paso por Avalle y Ca\u00f1o.<\/p>\n<!-- \/wp:paragraph -->\n\n<!-- wp:quote {\"className\":\"is-style-large\"} -->\n<blockquote class=\"wp-block-quote is-style-large\"><p>\"Una f\u00e1brica o artefacto de maquinaria para producir luz el\u00e9ctrica con destino a Cangas de On\u00eds\"<\/p><cite><strong>Don<\/strong> <strong>Diego S\u00e1nchez.<\/strong> <em>Archivo de Protocolos Notariales de Cangas de On\u00eds, Casa de la Cultura de Cangas de On\u00eds.<\/em><\/cite><\/blockquote>\n<!-- \/wp:quote -->\n\n<!-- wp:paragraph -->\n<p>Es entonces cuando se forma la Sociedad <em>\"Cuesta y S\u00e1nchez\"<\/em>, promotora del proyecto. Don Isidoro Cuesta se convierte en el socio principal, encargado de proporcionar el terreno de dicha construcci\u00f3n, mientras que Don Diego S\u00e1nchez debe suministrar todos los fondos necesarios para poder llevarlo a cabo. <\/p>\n<!-- \/wp:paragraph -->\n\n<!-- wp:paragraph -->\n<p>M\u00e1s tarde, en 1899 se crear\u00eda la Sociedad <em>\"Electro Canguesa\"<\/em>, que comprar\u00eda la central, hasta la construcci\u00f3n de la actual planta hidroel\u00e9ctrica en 1924.<\/p>\n<!-- \/wp:paragraph -->\n\n<!-- wp:image {\"align\":\"center\",\"id\":6601,\"sizeSlug\":\"large\"} -->\n<div class=\"wp-block-image\"><figure class=\"aligncenter size-large\"><img src=\"https:\/\/lajueya.net\/wp-content\/uploads\/2020\/11\/IMG_0818-1024x707.png\" alt=\"\" class=\"wp-image-6601\"\/><figcaption>                                                                                                                                                                          F\u00e1brica de Luz de Cangas de On\u00eds. Avalle<\/figcaption><\/figure><\/div>\n<!-- \/wp:image -->\n\n<!-- wp:paragraph -->\n<p><em>*Arrudos: Colgadoriu fechu d\u2019un tueru o poste de madera y ganchos. En este caso hace referencia a la continua sucesion de niveles que experimente el R\u00edo Sella en este tramo.<\/em> (DALLA)<\/p>\n<!-- \/wp:paragraph -->\n\n<!-- wp:paragraph -->\n<p><strong>Localizaci\u00f3n Google Maps<\/strong><\/p>\n<!-- \/wp:paragraph -->\n\n<!-- wp:html -->\n<iframe src=\"https:\/\/www.google.com\/maps\/embed?pb=!1m10!1m8!1m3!1d275.29743058797527!2d-5.136688693897149!3d43.32396977465668!3m2!1i1024!2i768!4f13.1!5e1!3m2!1ses!2ses!4v1605528332836!5m2!1ses!2ses\" style=\"border:0;\" allowfullscreen=\"\" aria-hidden=\"false\" tabindex=\"0\" width=\"600\" height=\"450\" frameborder=\"0\"><\/iframe>\n<!-- \/wp:html -->","_et_gb_content_width":"","footnotes":""},"categories":[38,35,36],"tags":[],"class_list":["post-6561","post","type-post","status-publish","format-standard","has-post-thumbnail","hentry","category-curso-2020-2021","category-destacados","category-historia-industrial"],"_links":{"self":[{"href":"https:\/\/lajueya.net\/index.php\/wp-json\/wp\/v2\/posts\/6561","targetHints":{"allow":["GET"]}}],"collection":[{"href":"https:\/\/lajueya.net\/index.php\/wp-json\/wp\/v2\/posts"}],"about":[{"href":"https:\/\/lajueya.net\/index.php\/wp-json\/wp\/v2\/types\/post"}],"author":[{"embeddable":true,"href":"https:\/\/lajueya.net\/index.php\/wp-json\/wp\/v2\/users\/1"}],"replies":[{"embeddable":true,"href":"https:\/\/lajueya.net\/index.php\/wp-json\/wp\/v2\/comments?post=6561"}],"version-history":[{"count":15,"href":"https:\/\/lajueya.net\/index.php\/wp-json\/wp\/v2\/posts\/6561\/revisions"}],"predecessor-version":[{"id":6806,"href":"https:\/\/lajueya.net\/index.php\/wp-json\/wp\/v2\/posts\/6561\/revisions\/6806"}],"wp:featuredmedia":[{"embeddable":true,"href":"https:\/\/lajueya.net\/index.php\/wp-json\/wp\/v2\/media\/6617"}],"wp:attachment":[{"href":"https:\/\/lajueya.net\/index.php\/wp-json\/wp\/v2\/media?parent=6561"}],"wp:term":[{"taxonomy":"category","embeddable":true,"href":"https:\/\/lajueya.net\/index.php\/wp-json\/wp\/v2\/categories?post=6561"},{"taxonomy":"post_tag","embeddable":true,"href":"https:\/\/lajueya.net\/index.php\/wp-json\/wp\/v2\/tags?post=6561"}],"curies":[{"name":"wp","href":"https:\/\/api.w.org\/{rel}","templated":true}]}}