{"id":6808,"date":"2020-12-03T11:29:00","date_gmt":"2020-12-03T11:29:00","guid":{"rendered":"https:\/\/lajueya.net\/?p=6808"},"modified":"2020-12-08T17:58:25","modified_gmt":"2020-12-08T17:58:25","slug":"villa-juanita","status":"publish","type":"post","link":"https:\/\/lajueya.net\/index.php\/2020\/12\/03\/villa-juanita\/","title":{"rendered":"Villa Juanita"},"content":{"rendered":"\n<p><strong>Isabel Villa.&nbsp;<\/strong>\u201cVilla Juanita\u201d es un edificio localizado en la calle Arg\u00fcelles en Arriondas. Se construy\u00f3 en el a\u00f1o 1923, promovido por los emigrantes en Puerto Rico Jos\u00e9 Abarca y Mar\u00eda D\u00edaz. La construcci\u00f3n es del estilo conocido como arquitectura indiana, y es uno de los ejemplos arquitect\u00f3nicos de ese estilo&nbsp;m\u00e1s destacables en el concejo de Parres.<\/p>\n\n\n\n<p>Este tipo de edificios eran levantados por los emigrantes de Am\u00e9rica tras su regreso. Normalmente, las construcciones que se hac\u00edan como residencia eran casas de grandes dimensiones, pero los indianos tambi\u00e9n ayudaron a financiar otras obras como escuelas, carreteras, iglesias y muchas mejoras locales, que no pod\u00edan ser abordadas por el Ayuntamiento.&nbsp;<\/p>\n\n\n\n<p>La casa se construy\u00f3 a principios del siglo XX, en homenaje a la sobrina, do\u00f1a Juanita. Situada en la zona central de Arriondas, la estancia est\u00e1 rodeada por un jard\u00edn enorme, con unos muros de piedra altos y un cierre con una puerta de forja. Est\u00e1 pintada con un color rojo y tambi\u00e9n con unos toques grises. Las ventanas, las puertas y las persianas son blancas, y un dato curioso es que el techo est\u00e1 construido con pizarra, algo inusual en el Oriente de Asturias.<\/p>\n\n\n\n<p>Es habitual en el entorno de esta casa ver a algunas personas contemplando el edificio, o leyendo la informaci\u00f3n de la entrada; y lo cierto es que se trata de una obra que le da un \u00abtoque\u00bb decorativo al centro de Arriondas.<\/p>\n\n\n\n<p><\/p>\n\n\n\n<figure class=\"wp-block-image is-resized\"><img loading=\"lazy\" decoding=\"async\" src=\"http:\/\/www.cronistasoficiales.com\/wp-content\/uploads\/2019\/01\/VILLA-JUANITA-fachadas-Sur-y-Oeste..jpg\" alt=\"\" width=\"436\" height=\"244\"\/><figcaption><strong><em>Villa Juanita, Arriondas. Imagen: Fran Rozada Mart\u00ednez<\/em><\/strong><\/figcaption><\/figure>\n","protected":false},"excerpt":{"rendered":"<p>Isabel Villa.&nbsp;\u201cVilla Juanita\u201d es un edificio localizado en la calle Arg\u00fcelles en Arriondas. Se construy\u00f3 en el a\u00f1o 1923, promovido por los emigrantes en Puerto Rico Jos\u00e9 Abarca y Mar\u00eda D\u00edaz. La construcci\u00f3n es del estilo conocido como arquitectura indiana, y es uno de los ejemplos arquitect\u00f3nicos de ese estilo&nbsp;m\u00e1s destacables en el concejo de [&hellip;]<\/p>\n","protected":false},"author":1,"featured_media":6811,"comment_status":"closed","ping_status":"open","sticky":false,"template":"","format":"standard","meta":{"_et_pb_use_builder":"off","_et_pb_old_content":"","_et_gb_content_width":"","footnotes":""},"categories":[25,14,38,28,37],"tags":[],"class_list":["post-6808","post","type-post","status-publish","format-standard","has-post-thumbnail","hentry","category-actualidad","category-cultura","category-curso-2020-2021","category-lugares","category-memoria-historica"],"_links":{"self":[{"href":"https:\/\/lajueya.net\/index.php\/wp-json\/wp\/v2\/posts\/6808","targetHints":{"allow":["GET"]}}],"collection":[{"href":"https:\/\/lajueya.net\/index.php\/wp-json\/wp\/v2\/posts"}],"about":[{"href":"https:\/\/lajueya.net\/index.php\/wp-json\/wp\/v2\/types\/post"}],"author":[{"embeddable":true,"href":"https:\/\/lajueya.net\/index.php\/wp-json\/wp\/v2\/users\/1"}],"replies":[{"embeddable":true,"href":"https:\/\/lajueya.net\/index.php\/wp-json\/wp\/v2\/comments?post=6808"}],"version-history":[{"count":3,"href":"https:\/\/lajueya.net\/index.php\/wp-json\/wp\/v2\/posts\/6808\/revisions"}],"predecessor-version":[{"id":6984,"href":"https:\/\/lajueya.net\/index.php\/wp-json\/wp\/v2\/posts\/6808\/revisions\/6984"}],"wp:featuredmedia":[{"embeddable":true,"href":"https:\/\/lajueya.net\/index.php\/wp-json\/wp\/v2\/media\/6811"}],"wp:attachment":[{"href":"https:\/\/lajueya.net\/index.php\/wp-json\/wp\/v2\/media?parent=6808"}],"wp:term":[{"taxonomy":"category","embeddable":true,"href":"https:\/\/lajueya.net\/index.php\/wp-json\/wp\/v2\/categories?post=6808"},{"taxonomy":"post_tag","embeddable":true,"href":"https:\/\/lajueya.net\/index.php\/wp-json\/wp\/v2\/tags?post=6808"}],"curies":[{"name":"wp","href":"https:\/\/api.w.org\/{rel}","templated":true}]}}