{"id":6862,"date":"2020-12-02T12:22:00","date_gmt":"2020-12-02T12:22:00","guid":{"rendered":"https:\/\/lajueya.net\/?p=6862"},"modified":"2020-12-08T18:02:10","modified_gmt":"2020-12-08T18:02:10","slug":"mi-experiencia-en-el-corri-corri","status":"publish","type":"post","link":"https:\/\/lajueya.net\/index.php\/2020\/12\/02\/mi-experiencia-en-el-corri-corri\/","title":{"rendered":"Mi experiencia en el Corr\u00ed corr\u00ed:"},"content":{"rendered":"\n<p><strong>Pablo B\u00e1rcena<\/strong>. Mi experiencia con el baile siempre ha sido satisfactoria. Todo comienza a finales del a\u00f1o 2016, cuando un amigo me propuso la idea de comenzar a ensayar el Corr\u00ed corr\u00ed. \u00c9l ya lo bailaba, pero al cambiar de directiva, estuvo un a\u00f1o sin bailar ni ensayar. A m\u00ed la idea me atrajo, porque el baile me gustaba y, adem\u00e1s, iba a pasar tiempo com mis amigos. Al cabo de dos a\u00f1os practicando este baile todos los domingos, me comunicaron que podr\u00eda bailar en la fiesta de San Juan, pero una lesi\u00f3n de rodilla me lo impidi\u00f3, lo que me alej\u00f3 del baile. Al cabo de a\u00f1o y medio, pude retomarlo para bailar en la Fiesta del Quesu. Como todav\u00eda arrastraba un poco la lesi\u00f3n de la rodilla, s\u00f3lo pude con medio baile. As\u00ed y todo, fue una muy buena sensaci\u00f3n pues me sent\u00ed muy arropado por la gente que me ve\u00eda bailar.<\/p>\n\n\n\n<p>Despu\u00e9s de ese d\u00eda, comenc\u00e9 a bailar en muchas mas fiestas y escenarios, como en Gij\u00f3n, Oviedo, Llanes&#8230; Tambi\u00e9n bail\u00e9 en Colombres, en un programa promovido por un gran bailador y actor como es Antonio Canales.<\/p>\n\n\n\n<p>Actualmente, con la pandemia, no practico mucho el baile, pero espero volver a hacerlo cuando todo esto acabe. Y me gustar\u00eda realizar mi pr\u00f3ximo baile en la fiesta de San Juan, en casa.<\/p>\n\n\n\n<figure class=\"wp-block-image size-large\"><img loading=\"lazy\" decoding=\"async\" width=\"750\" height=\"737\" src=\"https:\/\/lajueya.net\/wp-content\/uploads\/2020\/11\/FEE2F9E1-66AD-4C5D-B753-4E829CEED247.jpeg\" alt=\"\" class=\"wp-image-6895\" srcset=\"https:\/\/lajueya.net\/wp-content\/uploads\/2020\/11\/FEE2F9E1-66AD-4C5D-B753-4E829CEED247.jpeg 750w, https:\/\/lajueya.net\/wp-content\/uploads\/2020\/11\/FEE2F9E1-66AD-4C5D-B753-4E829CEED247-480x472.jpeg 480w\" sizes=\"(min-width: 0px) and (max-width: 480px) 480px, (min-width: 481px) 750px, 100vw\" \/><\/figure>\n\n\n\n<p>Un momento del Corri-Corri de Arenas, en la villa cabraliega. Pablo Barcena S\u00e1nchez.<\/p>\n","protected":false},"excerpt":{"rendered":"<p>Pablo B\u00e1rcena. Mi experiencia con el baile siempre ha sido satisfactoria. Todo comienza a finales del a\u00f1o 2016, cuando un amigo me propuso la idea de comenzar a ensayar el Corr\u00ed corr\u00ed. \u00c9l ya lo bailaba, pero al cambiar de directiva, estuvo un a\u00f1o sin bailar ni ensayar. A m\u00ed la idea me atrajo, porque [&hellip;]<\/p>\n","protected":false},"author":1,"featured_media":6895,"comment_status":"closed","ping_status":"open","sticky":false,"template":"","format":"standard","meta":{"_et_pb_use_builder":"off","_et_pb_old_content":"","_et_gb_content_width":"","footnotes":""},"categories":[25,14,38,39],"tags":[],"class_list":["post-6862","post","type-post","status-publish","format-standard","has-post-thumbnail","hentry","category-actualidad","category-cultura","category-curso-2020-2021","category-tradiciones"],"_links":{"self":[{"href":"https:\/\/lajueya.net\/index.php\/wp-json\/wp\/v2\/posts\/6862","targetHints":{"allow":["GET"]}}],"collection":[{"href":"https:\/\/lajueya.net\/index.php\/wp-json\/wp\/v2\/posts"}],"about":[{"href":"https:\/\/lajueya.net\/index.php\/wp-json\/wp\/v2\/types\/post"}],"author":[{"embeddable":true,"href":"https:\/\/lajueya.net\/index.php\/wp-json\/wp\/v2\/users\/1"}],"replies":[{"embeddable":true,"href":"https:\/\/lajueya.net\/index.php\/wp-json\/wp\/v2\/comments?post=6862"}],"version-history":[{"count":4,"href":"https:\/\/lajueya.net\/index.php\/wp-json\/wp\/v2\/posts\/6862\/revisions"}],"predecessor-version":[{"id":6943,"href":"https:\/\/lajueya.net\/index.php\/wp-json\/wp\/v2\/posts\/6862\/revisions\/6943"}],"wp:featuredmedia":[{"embeddable":true,"href":"https:\/\/lajueya.net\/index.php\/wp-json\/wp\/v2\/media\/6895"}],"wp:attachment":[{"href":"https:\/\/lajueya.net\/index.php\/wp-json\/wp\/v2\/media?parent=6862"}],"wp:term":[{"taxonomy":"category","embeddable":true,"href":"https:\/\/lajueya.net\/index.php\/wp-json\/wp\/v2\/categories?post=6862"},{"taxonomy":"post_tag","embeddable":true,"href":"https:\/\/lajueya.net\/index.php\/wp-json\/wp\/v2\/tags?post=6862"}],"curies":[{"name":"wp","href":"https:\/\/api.w.org\/{rel}","templated":true}]}}