{"id":7189,"date":"2021-01-13T19:20:04","date_gmt":"2021-01-13T19:20:04","guid":{"rendered":"https:\/\/lajueya.net\/?p=7189"},"modified":"2021-01-28T11:31:37","modified_gmt":"2021-01-28T11:31:37","slug":"__trashed-2","status":"publish","type":"post","link":"https:\/\/lajueya.net\/index.php\/2021\/01\/13\/__trashed-2\/","title":{"rendered":"Entre nieve"},"content":{"rendered":"\n<p><strong>Alejandra R. y Luc\u00eda F. <\/strong>Sotres  es un peque\u00f1o pueblo situado en el concejo de Cabrales, conocido como el pueblo m\u00e1s alto del oriente asturiano. Situado a 1050 metros, es raro el invierno en que no cae una \u201cbuena nevada\u201d, aunque en los pasados inviernos han sido menos abundantes y ya no est\u00e1bamos acostumbrados; y mucho menos a la cantidad de nieve que cay\u00f3 a principios de este 2021.<\/p>\n\n\n\n<p>En los meses de noviembre, diciembre y enero las nevadas son menos abundantes pero son m\u00e1s duraderas. Ello se debe a que las temperaturas son m\u00e1s bajas y los d\u00edas m\u00e1s cortos. En cambio, en febrero y marzo las nevadas son mucho m\u00e1s copiosas pero duran menos tiempo debido a que las horas de luz van aumentando con los d\u00edas y las temperaturas van subiendo camino de la primavera. <\/p>\n\n\n\n<p>Por el puente de la Constituci\u00f3n comenzaron las nevadas de este invierno, con un espesor de unos 30 cm aproximadamente. Fue una nevada ligera  y en pocos d\u00edas se deshizo aquel manto blanco que cubr\u00eda las cumbres del coraz\u00f3n de los Picos de Europa. <\/p>\n\n\n\n<p>A comienzo de las navidades volvimos a ver aquella estampa invernal que comenzaba en Noche Buena. Nos regalaban un d\u00eda de Navidad digno de pel\u00edcula. <\/p>\n\n\n\n<p>En Noche Vieja y A\u00f1o Nuevo llega <em>Filomena<\/em>. La famosa borrasca que dej\u00f3 al pueblo tiritando y con un espesor de 1,70 cm de nieve.<\/p>\n\n\n\n<p>La situaci\u00f3n provoc\u00f3 que la carretera permaneciera cortada y no se pudiera acceder al pueblo, lo que ocasion\u00f3 a los vecinos la imposibilidad de llevar a cabo sus trabajos. Tanto entre los ganaderos, que se ten\u00edan que desplazar a pie hasta los invernales y cuadras en las que ten\u00edan a sus animales, como entre quienes trabajaban en otros sectores y no pudieron desplazarse a sus puestos de trabajo.<\/p>\n\n\n\n<p>El pueblo, debido tambi\u00e9n al temporal, permaneci\u00f3 sin luz y sin acceso a ninguna red telef\u00f3nica durante m\u00e1s de 12 horas, lo que junto al cierre de la carretera dio lugar a un aislamiento pr\u00e1cticamente absoluto de todos los habitantes.<\/p>\n\n\n\n<figure class=\"wp-block-image size-large is-style-default\"><img loading=\"lazy\" decoding=\"async\" width=\"1024\" height=\"768\" src=\"https:\/\/lajueya.net\/wp-content\/uploads\/2021\/01\/2936AB8B-64B3-4EBB-A4B2-0CF677FF1B37-1024x768.jpeg\" alt=\"\" class=\"wp-image-7192\" srcset=\"https:\/\/lajueya.net\/wp-content\/uploads\/2021\/01\/2936AB8B-64B3-4EBB-A4B2-0CF677FF1B37-980x735.jpeg 980w, https:\/\/lajueya.net\/wp-content\/uploads\/2021\/01\/2936AB8B-64B3-4EBB-A4B2-0CF677FF1B37-480x360.jpeg 480w\" sizes=\"(min-width: 0px) and (max-width: 480px) 480px, (min-width: 481px) and (max-width: 980px) 980px, (min-width: 981px) 1024px, 100vw\" \/><figcaption>Sotres, enero de 2021.  Luc\u00eda F<\/figcaption><\/figure>\n","protected":false},"excerpt":{"rendered":"<p>Alejandra R. y Luc\u00eda F. Sotres es un peque\u00f1o pueblo situado en el concejo de Cabrales, conocido como el pueblo m\u00e1s alto del oriente asturiano. Situado a 1050 metros, es raro el invierno en que no cae una \u201cbuena nevada\u201d, aunque en los pasados inviernos han sido menos abundantes y ya no est\u00e1bamos acostumbrados; y [&hellip;]<\/p>\n","protected":false},"author":1,"featured_media":7192,"comment_status":"closed","ping_status":"open","sticky":false,"template":"","format":"standard","meta":{"_et_pb_use_builder":"off","_et_pb_old_content":"","_et_gb_content_width":"","footnotes":""},"categories":[25,38,35,28],"tags":[],"class_list":["post-7189","post","type-post","status-publish","format-standard","has-post-thumbnail","hentry","category-actualidad","category-curso-2020-2021","category-destacados","category-lugares"],"_links":{"self":[{"href":"https:\/\/lajueya.net\/index.php\/wp-json\/wp\/v2\/posts\/7189","targetHints":{"allow":["GET"]}}],"collection":[{"href":"https:\/\/lajueya.net\/index.php\/wp-json\/wp\/v2\/posts"}],"about":[{"href":"https:\/\/lajueya.net\/index.php\/wp-json\/wp\/v2\/types\/post"}],"author":[{"embeddable":true,"href":"https:\/\/lajueya.net\/index.php\/wp-json\/wp\/v2\/users\/1"}],"replies":[{"embeddable":true,"href":"https:\/\/lajueya.net\/index.php\/wp-json\/wp\/v2\/comments?post=7189"}],"version-history":[{"count":7,"href":"https:\/\/lajueya.net\/index.php\/wp-json\/wp\/v2\/posts\/7189\/revisions"}],"predecessor-version":[{"id":7296,"href":"https:\/\/lajueya.net\/index.php\/wp-json\/wp\/v2\/posts\/7189\/revisions\/7296"}],"wp:featuredmedia":[{"embeddable":true,"href":"https:\/\/lajueya.net\/index.php\/wp-json\/wp\/v2\/media\/7192"}],"wp:attachment":[{"href":"https:\/\/lajueya.net\/index.php\/wp-json\/wp\/v2\/media?parent=7189"}],"wp:term":[{"taxonomy":"category","embeddable":true,"href":"https:\/\/lajueya.net\/index.php\/wp-json\/wp\/v2\/categories?post=7189"},{"taxonomy":"post_tag","embeddable":true,"href":"https:\/\/lajueya.net\/index.php\/wp-json\/wp\/v2\/tags?post=7189"}],"curies":[{"name":"wp","href":"https:\/\/api.w.org\/{rel}","templated":true}]}}