{"id":7234,"date":"2021-01-13T10:00:00","date_gmt":"2021-01-13T10:00:00","guid":{"rendered":"https:\/\/lajueya.net\/?p=7234"},"modified":"2021-01-28T11:39:59","modified_gmt":"2021-01-28T11:39:59","slug":"central-hidroelectrica-de-canu-2","status":"publish","type":"post","link":"https:\/\/lajueya.net\/index.php\/2021\/01\/13\/central-hidroelectrica-de-canu-2\/","title":{"rendered":"Central Hidroel\u00e9ctrica de Ca\u00f1u"},"content":{"rendered":"\n<p><strong>Mayra F. \/ Alfredo G<\/strong>. El edificio, situado en la margen izquierda del r\u00edo Sella a su paso por el pozo pesquero de Ca\u00f1eres, consta de casi 100 a\u00f1os de antig\u00fcedad.<\/p>\n\n\n\n<p> Su construcci\u00f3n se remonta al a\u00f1o 1928, con motivo de utilizar, de nuevo, la fuerza del agua en el salto de Arrudos que, tras la instalaci\u00f3n de varios escalones de hormig\u00f3n, se convirti\u00f3 en un lugar de deleite para cientos de alevines de salmones y, a partir de entonces, comenzar\u00eda a llamarse La Salmonera.<\/p>\n\n\n\n<p class=\"has-text-align-left\">La nueva central, sustituta de la Electrocanguesa, consta una planta de mayores dimensiones e innovadoras instalaciones para la \u00e9poca en la que fue llevada a cabo la construcci\u00f3n.<\/p>\n\n\n\n<figure class=\"wp-block-image size-large\"><img loading=\"lazy\" decoding=\"async\" width=\"1024\" height=\"761\" src=\"https:\/\/lajueya.net\/wp-content\/uploads\/2021\/01\/IMG_5359-1024x761.jpg\" alt=\"\" class=\"wp-image-7275\" srcset=\"https:\/\/lajueya.net\/wp-content\/uploads\/2021\/01\/IMG_5359-980x728.jpg 980w, https:\/\/lajueya.net\/wp-content\/uploads\/2021\/01\/IMG_5359-480x357.jpg 480w\" sizes=\"(min-width: 0px) and (max-width: 480px) 480px, (min-width: 481px) and (max-width: 980px) 980px, (min-width: 981px) 1024px, 100vw\" \/><figcaption>Central Hidroel\u00e9ctrica de Ca\u00f1u. M.F<\/figcaption><\/figure>\n\n\n\n<p>Aunque segu\u00eda siendo una central de dimensiones moderadas, fue dotada de dos turbinas, y a\u00fan se conservan en ella ciertas reliquias, como es el caso del medidor de potencia.<\/p>\n\n\n\n<blockquote class=\"wp-block-quote is-layout-flow wp-block-quote-is-layout-flow\"><p><em>El maquinista era el encargado de aumentar o disminuir la potencia, seg\u00fan fuera conveniente, adecu\u00e1ndola a la red de forma manual.<\/em><\/p><cite>Comunicaci\u00f3n personal de Fernando Fern\u00e1ndez, hijo de Abel Fern\u00e1ndez, antiguo trabajador de la f\u00e1brica<\/cite><\/blockquote>\n\n\n\n<p>Fuente documental: art\u00edculo en la web oficial de <a href=\"https:\/\/www.sostenibilidadedp.es\/pages\/index\/nuestras-centrales-hidraulicas-hc-energia\"><strong>EDP Sostenibilidad<\/strong><\/a><\/p>\n","protected":false},"excerpt":{"rendered":"<p>Mayra F. \/ Alfredo G. El edificio, situado en la margen izquierda del r\u00edo Sella a su paso por el pozo pesquero de Ca\u00f1eres, consta de casi 100 a\u00f1os de antig\u00fcedad. Su construcci\u00f3n se remonta al a\u00f1o 1928, con motivo de utilizar, de nuevo, la fuerza del agua en el salto de Arrudos que, tras [&hellip;]<\/p>\n","protected":false},"author":1,"featured_media":7275,"comment_status":"closed","ping_status":"open","sticky":false,"template":"","format":"standard","meta":{"_et_pb_use_builder":"off","_et_pb_old_content":"","_et_gb_content_width":"","footnotes":""},"categories":[25,38,35,36],"tags":[],"class_list":["post-7234","post","type-post","status-publish","format-standard","has-post-thumbnail","hentry","category-actualidad","category-curso-2020-2021","category-destacados","category-historia-industrial"],"_links":{"self":[{"href":"https:\/\/lajueya.net\/index.php\/wp-json\/wp\/v2\/posts\/7234","targetHints":{"allow":["GET"]}}],"collection":[{"href":"https:\/\/lajueya.net\/index.php\/wp-json\/wp\/v2\/posts"}],"about":[{"href":"https:\/\/lajueya.net\/index.php\/wp-json\/wp\/v2\/types\/post"}],"author":[{"embeddable":true,"href":"https:\/\/lajueya.net\/index.php\/wp-json\/wp\/v2\/users\/1"}],"replies":[{"embeddable":true,"href":"https:\/\/lajueya.net\/index.php\/wp-json\/wp\/v2\/comments?post=7234"}],"version-history":[{"count":7,"href":"https:\/\/lajueya.net\/index.php\/wp-json\/wp\/v2\/posts\/7234\/revisions"}],"predecessor-version":[{"id":7307,"href":"https:\/\/lajueya.net\/index.php\/wp-json\/wp\/v2\/posts\/7234\/revisions\/7307"}],"wp:featuredmedia":[{"embeddable":true,"href":"https:\/\/lajueya.net\/index.php\/wp-json\/wp\/v2\/media\/7275"}],"wp:attachment":[{"href":"https:\/\/lajueya.net\/index.php\/wp-json\/wp\/v2\/media?parent=7234"}],"wp:term":[{"taxonomy":"category","embeddable":true,"href":"https:\/\/lajueya.net\/index.php\/wp-json\/wp\/v2\/categories?post=7234"},{"taxonomy":"post_tag","embeddable":true,"href":"https:\/\/lajueya.net\/index.php\/wp-json\/wp\/v2\/tags?post=7234"}],"curies":[{"name":"wp","href":"https:\/\/api.w.org\/{rel}","templated":true}]}}