{"id":7706,"date":"2021-04-18T13:17:00","date_gmt":"2021-04-18T13:17:00","guid":{"rendered":"https:\/\/lajueya.net\/?p=7706"},"modified":"2021-04-19T16:31:04","modified_gmt":"2021-04-19T16:31:04","slug":"el-palacio-pintu-de-cangas-de-onis","status":"publish","type":"post","link":"https:\/\/lajueya.net\/index.php\/2021\/04\/18\/el-palacio-pintu-de-cangas-de-onis\/","title":{"rendered":"El Palaciu Pintu de Cangas de On\u00eds"},"content":{"rendered":"\n<p>Palaciu Pintu, Calle San Pelayo, Cangas de On\u00eds 2021. SM, NV.<\/p>\n\n\n\n<p><strong>Natalia Valle y Sof\u00eda Mori.<\/strong><\/p>\n\n\n\n<p>El Palacio Pintu, tambi\u00e9n conocido como <strong><em>Casa de la Capitana<\/em><\/strong> o de <strong><em>Ce\u00f1al<\/em><\/strong>, est\u00e1 situado en Cangas de On\u00eds, al lado de la plaza del mercado. Es una construcci\u00f3n de la d\u00e9cada de 1940, obra del arquitecto Miguel Garc\u00eda Lomas (1912-1976).&nbsp;<\/p>\n\n\n\n<p>Inspirado y construido sobre los restos del palacio que antes ocupaba su lugar, de mayor tama\u00f1o, conserva su aspecto inicial y el escudo original de la familia.&nbsp;<\/p>\n\n\n\n<p>Recibe su nombre por su colorida fachada, el elemento m\u00e1s destacable. La fachada tambi\u00e9n est\u00e1 inspirada en el antiguo palacio, siguiendo sus mismos patrones y formas.&nbsp;<\/p>\n\n\n\n<p>En la actualidad, alberga la Delegaci\u00f3n de Hacienda.<\/p>\n\n\n\n<div class=\"wp-block-image\"><figure class=\"aligncenter size-large is-resized\"><img loading=\"lazy\" decoding=\"async\" src=\"https:\/\/lajueya.net\/wp-content\/uploads\/2021\/04\/IMG_7241-1-576x1024.jpg\" alt=\"\" class=\"wp-image-7710\" width=\"275\" height=\"489\"\/><figcaption>Torre del Palaciu Pintu, octubre 1915. \u00c1lbum de Guillermo Sarmiento.<\/figcaption><\/figure><\/div>\n\n\n\n<div class=\"wp-block-image\"><figure class=\"aligncenter size-large is-resized\"><img loading=\"lazy\" decoding=\"async\" src=\"https:\/\/lajueya.net\/wp-content\/uploads\/2021\/04\/IMG_9709-1-720x1024.jpg\" alt=\"\" class=\"wp-image-7711\" width=\"293\" height=\"416\"\/><figcaption>Torre actual del Palaciu Pintu, 2021. SM, NV.<\/figcaption><\/figure><\/div>\n\n\n\n<p>La estructura consta de una planta cuadrada, de tres pisos que est\u00e1n divididos por impostas en piedra. En el centro de su fachada norte destaca el escudo de armas original del antiguo palacio, con la inscripci\u00f3n: <\/p>\n\n\n\n<blockquote class=\"wp-block-quote is-layout-flow wp-block-quote-is-layout-flow\"><p><em>\u201cLos Barelas y los Berm\u00fadez, Ulloas y Villalobos, tan antiguos en Galicia como en Castilla los Godos. Por mi ley y por mi rey morir\u00e9\u201d.<\/em><\/p><cite>Inscripci\u00f3n del escudo original.<\/cite><\/blockquote>\n\n\n\n<div class=\"wp-block-image\"><figure class=\"aligncenter size-large is-resized\"><img loading=\"lazy\" decoding=\"async\" src=\"https:\/\/lajueya.net\/wp-content\/uploads\/2021\/04\/c6035771-3fb9-4667-b7ac-6b5f6c0108eb.jpg\" alt=\"\" class=\"wp-image-7716\" width=\"451\" height=\"419\"\/><figcaption>Escudo del antiguo palacio, 2020. SM, NV.<\/figcaption><\/figure><\/div>\n\n\n\n<p>Bajo el escudo, se encuentra el busto del pol\u00edtico y militar cargues Juan V\u00e1zquez de Mella, conocido por su papel en la realizaci\u00f3n del instituto Rey Pelayo de Cangas de On\u00eds.<\/p>\n\n\n\n<div class=\"wp-block-image\"><figure class=\"aligncenter size-large is-resized\"><img loading=\"lazy\" decoding=\"async\" src=\"https:\/\/lajueya.net\/wp-content\/uploads\/2021\/04\/IMG_9716-768x1024.jpg\" alt=\"\" class=\"wp-image-7712\" width=\"318\" height=\"424\"\/><figcaption>Busto de Juan V\u00e1zquez de Mella, Cangas de On\u00eds 2021. SM, NV.<\/figcaption><\/figure><\/div>\n\n\n\n<p>Bajo sus portales de arcos rebajados con pilares, se celebra el famoso mercado dominical de Cangas de Onis, celebrado desde hace mas de 200 a\u00f1os, donde destacan los productos t\u00edpicos de la comarca de los picos de Europa: <em>arbeyos, fabes, ablanes,<\/em>&nbsp;<em>casta\u00f1es&#8230;&nbsp;<\/em>y quesos como el de cabrales, beyos o gamoneu entre otros.<\/p>\n\n\n\n<div class=\"wp-block-image\"><figure class=\"aligncenter size-large is-resized\"><img loading=\"lazy\" decoding=\"async\" src=\"https:\/\/lajueya.net\/wp-content\/uploads\/2021\/04\/IMG_7240-1024x620.jpeg\" alt=\"\" class=\"wp-image-7713\" width=\"677\" height=\"410\"\/><figcaption>Mercado de Cangas de On\u00eds, torre del Palaciu Pintu al fondo, octubre 1915. \u00c1lbum de Guillermo Sarmiento.<\/figcaption><\/figure><\/div>\n","protected":false},"excerpt":{"rendered":"<p>Palaciu Pintu, Calle San Pelayo, Cangas de On\u00eds 2021. SM, NV. Natalia Valle y Sof\u00eda Mori. El Palacio Pintu, tambi\u00e9n conocido como Casa de la Capitana o de Ce\u00f1al, est\u00e1 situado en Cangas de On\u00eds, al lado de la plaza del mercado. Es una construcci\u00f3n de la d\u00e9cada de 1940, obra del arquitecto Miguel Garc\u00eda [&hellip;]<\/p>\n","protected":false},"author":1,"featured_media":7709,"comment_status":"closed","ping_status":"open","sticky":false,"template":"","format":"standard","meta":{"_et_pb_use_builder":"off","_et_pb_old_content":"","_et_gb_content_width":"","footnotes":""},"categories":[25,42,14,38,35,45,28],"tags":[],"class_list":["post-7706","post","type-post","status-publish","format-standard","has-post-thumbnail","hentry","category-actualidad","category-arquitectura","category-cultura","category-curso-2020-2021","category-destacados","category-historia","category-lugares"],"_links":{"self":[{"href":"https:\/\/lajueya.net\/index.php\/wp-json\/wp\/v2\/posts\/7706","targetHints":{"allow":["GET"]}}],"collection":[{"href":"https:\/\/lajueya.net\/index.php\/wp-json\/wp\/v2\/posts"}],"about":[{"href":"https:\/\/lajueya.net\/index.php\/wp-json\/wp\/v2\/types\/post"}],"author":[{"embeddable":true,"href":"https:\/\/lajueya.net\/index.php\/wp-json\/wp\/v2\/users\/1"}],"replies":[{"embeddable":true,"href":"https:\/\/lajueya.net\/index.php\/wp-json\/wp\/v2\/comments?post=7706"}],"version-history":[{"count":9,"href":"https:\/\/lajueya.net\/index.php\/wp-json\/wp\/v2\/posts\/7706\/revisions"}],"predecessor-version":[{"id":7791,"href":"https:\/\/lajueya.net\/index.php\/wp-json\/wp\/v2\/posts\/7706\/revisions\/7791"}],"wp:featuredmedia":[{"embeddable":true,"href":"https:\/\/lajueya.net\/index.php\/wp-json\/wp\/v2\/media\/7709"}],"wp:attachment":[{"href":"https:\/\/lajueya.net\/index.php\/wp-json\/wp\/v2\/media?parent=7706"}],"wp:term":[{"taxonomy":"category","embeddable":true,"href":"https:\/\/lajueya.net\/index.php\/wp-json\/wp\/v2\/categories?post=7706"},{"taxonomy":"post_tag","embeddable":true,"href":"https:\/\/lajueya.net\/index.php\/wp-json\/wp\/v2\/tags?post=7706"}],"curies":[{"name":"wp","href":"https:\/\/api.w.org\/{rel}","templated":true}]}}