{"id":7851,"date":"2021-05-16T10:51:00","date_gmt":"2021-05-16T10:51:00","guid":{"rendered":"https:\/\/lajueya.net\/?p=7851"},"modified":"2021-05-16T22:01:50","modified_gmt":"2021-05-16T22:01:50","slug":"la-ruta-del-cares","status":"publish","type":"post","link":"https:\/\/lajueya.net\/index.php\/2021\/05\/16\/la-ruta-del-cares\/","title":{"rendered":"LA RUTA DEL CARES"},"content":{"rendered":"\n<p><strong>Sara E y Ana M. <\/strong>La Ruta del Cares es una ruta de los Picos de Europa que conecta Ca\u00edn y Poncebos. El recorrido completo de la ruta es de 24 kil\u00f3metros, entre ida y vuelta. La ruta discurre por un impresionante y estrecho desfiladero, teniendo a un lado la monta\u00f1a y al otro un gran precipicio.\u00a0<\/p>\n\n\n\n<p>Antiguamente, la ruta era un \u201ccamino de pastores y ganado\u201d, muy abrupto y que, en ocasiones, se interrump\u00eda por la nieve o las avenidas. A veces desaparec\u00eda por completo.<\/p>\n\n\n\n<p>A mediados del siglo XX, se habilit\u00f3 la senda que permit\u00eda construir el canal del r\u00edo Cares, destinado a la producci\u00f3n de energ\u00eda hidr\u00e1ulica. En su construcci\u00f3n trabaj\u00f3 mucha gente y hubo accidentes mortales entre los trabajadores.<\/p>\n\n\n\n<p>El r\u00edo Cares es un r\u00edo corto, de monta\u00f1a y, de ah\u00ed, las bajas temperaturas de sus aguas. Nace en lo alto del valle de Valde\u00f3n y desemboca en el r\u00edo Deva. <\/p>\n\n\n\n<p>La excursi\u00f3n dura unas 6 u 8 horas, pues su trazado es casi llano, entre un apretado y fant\u00e1stico paisaje.<\/p>\n","protected":false},"excerpt":{"rendered":"<p>Sara E y Ana M. La Ruta del Cares es una ruta de los Picos de Europa que conecta Ca\u00edn y Poncebos. El recorrido completo de la ruta es de 24 kil\u00f3metros, entre ida y vuelta. La ruta discurre por un impresionante y estrecho desfiladero, teniendo a un lado la monta\u00f1a y al otro un [&hellip;]<\/p>\n","protected":false},"author":1,"featured_media":7852,"comment_status":"closed","ping_status":"open","sticky":false,"template":"","format":"standard","meta":{"_et_pb_use_builder":"off","_et_pb_old_content":"","_et_gb_content_width":"","footnotes":""},"categories":[25,38,28],"tags":[],"class_list":["post-7851","post","type-post","status-publish","format-standard","has-post-thumbnail","hentry","category-actualidad","category-curso-2020-2021","category-lugares"],"_links":{"self":[{"href":"https:\/\/lajueya.net\/index.php\/wp-json\/wp\/v2\/posts\/7851","targetHints":{"allow":["GET"]}}],"collection":[{"href":"https:\/\/lajueya.net\/index.php\/wp-json\/wp\/v2\/posts"}],"about":[{"href":"https:\/\/lajueya.net\/index.php\/wp-json\/wp\/v2\/types\/post"}],"author":[{"embeddable":true,"href":"https:\/\/lajueya.net\/index.php\/wp-json\/wp\/v2\/users\/1"}],"replies":[{"embeddable":true,"href":"https:\/\/lajueya.net\/index.php\/wp-json\/wp\/v2\/comments?post=7851"}],"version-history":[{"count":3,"href":"https:\/\/lajueya.net\/index.php\/wp-json\/wp\/v2\/posts\/7851\/revisions"}],"predecessor-version":[{"id":7968,"href":"https:\/\/lajueya.net\/index.php\/wp-json\/wp\/v2\/posts\/7851\/revisions\/7968"}],"wp:featuredmedia":[{"embeddable":true,"href":"https:\/\/lajueya.net\/index.php\/wp-json\/wp\/v2\/media\/7852"}],"wp:attachment":[{"href":"https:\/\/lajueya.net\/index.php\/wp-json\/wp\/v2\/media?parent=7851"}],"wp:term":[{"taxonomy":"category","embeddable":true,"href":"https:\/\/lajueya.net\/index.php\/wp-json\/wp\/v2\/categories?post=7851"},{"taxonomy":"post_tag","embeddable":true,"href":"https:\/\/lajueya.net\/index.php\/wp-json\/wp\/v2\/tags?post=7851"}],"curies":[{"name":"wp","href":"https:\/\/api.w.org\/{rel}","templated":true}]}}