{"id":7854,"date":"2021-05-16T15:23:00","date_gmt":"2021-05-16T15:23:00","guid":{"rendered":"https:\/\/lajueya.net\/?p=7854"},"modified":"2021-05-16T21:08:47","modified_gmt":"2021-05-16T21:08:47","slug":"casa-labra","status":"publish","type":"post","link":"https:\/\/lajueya.net\/index.php\/2021\/05\/16\/casa-labra\/","title":{"rendered":"Casa Labra"},"content":{"rendered":"\n<p><strong>Foto: Isabel Villa<\/strong><\/p>\n\n\n\n<p><strong>IVG<\/strong>. La denominada \u00abCasa Labra\u00bb se encuentra situada en la calle Arg\u00fcelles, en Arriondas. Se trata de una casa de estilo indiano, que se construy\u00f3 a principios del s. XX por Francisco y Jos\u00e9 Garc\u00eda Labra. Ambos emigraron j\u00f3venes a Argentina, y tras hacer fortuna con sus plantaciones de tabaco, decidieron dejar su legado construyendo esta casa.<\/p>\n\n\n\n<p>Actualmente, la casa se utiliza como espacio de exposici\u00f3n y venta por la empresa \u00abIroko Muebles\u00bb, de Jos\u00e9 Luis P\u00e9rez Gonzalez. En la fachada que da a la calle Arg\u00fcelles, se puede apreciar su balc\u00f3n central, y a su izquierda, su ventana m\u00e1s recargada de decoraciones. En su lado izquierdo, sobresale un volumen algo m\u00e1s alto que el resto, con ventanas y balcones menos decorados. Su parte trasera, que mira al sur, est\u00e1 constituida por una red de galer\u00edas. Por encima de ellas, asoma una buhardilla compuesta por tres ventanas.<\/p>\n\n\n\n<p>La \u00faltima de sus caras repite el modelo del lado opuesto. La diversidad de decoraciones en las distintas fachadas de la casa contribuye a la buena imagen de los edificios en conjunto. <\/p>\n\n\n\n<p>El tono rojizo oscuro de la construcci\u00f3n resalta en la calle y se encuentra en un estado muy bien conservado.<\/p>\n","protected":false},"excerpt":{"rendered":"<p>Foto: Isabel Villa IVG. La denominada \u00abCasa Labra\u00bb se encuentra situada en la calle Arg\u00fcelles, en Arriondas. Se trata de una casa de estilo indiano, que se construy\u00f3 a principios del s. XX por Francisco y Jos\u00e9 Garc\u00eda Labra. Ambos emigraron j\u00f3venes a Argentina, y tras hacer fortuna con sus plantaciones de tabaco, decidieron dejar [&hellip;]<\/p>\n","protected":false},"author":1,"featured_media":7882,"comment_status":"closed","ping_status":"open","sticky":false,"template":"","format":"standard","meta":{"_et_pb_use_builder":"off","_et_pb_old_content":"","_et_gb_content_width":"","footnotes":""},"categories":[25,42,38],"tags":[],"class_list":["post-7854","post","type-post","status-publish","format-standard","has-post-thumbnail","hentry","category-actualidad","category-arquitectura","category-curso-2020-2021"],"_links":{"self":[{"href":"https:\/\/lajueya.net\/index.php\/wp-json\/wp\/v2\/posts\/7854","targetHints":{"allow":["GET"]}}],"collection":[{"href":"https:\/\/lajueya.net\/index.php\/wp-json\/wp\/v2\/posts"}],"about":[{"href":"https:\/\/lajueya.net\/index.php\/wp-json\/wp\/v2\/types\/post"}],"author":[{"embeddable":true,"href":"https:\/\/lajueya.net\/index.php\/wp-json\/wp\/v2\/users\/1"}],"replies":[{"embeddable":true,"href":"https:\/\/lajueya.net\/index.php\/wp-json\/wp\/v2\/comments?post=7854"}],"version-history":[{"count":4,"href":"https:\/\/lajueya.net\/index.php\/wp-json\/wp\/v2\/posts\/7854\/revisions"}],"predecessor-version":[{"id":7884,"href":"https:\/\/lajueya.net\/index.php\/wp-json\/wp\/v2\/posts\/7854\/revisions\/7884"}],"wp:featuredmedia":[{"embeddable":true,"href":"https:\/\/lajueya.net\/index.php\/wp-json\/wp\/v2\/media\/7882"}],"wp:attachment":[{"href":"https:\/\/lajueya.net\/index.php\/wp-json\/wp\/v2\/media?parent=7854"}],"wp:term":[{"taxonomy":"category","embeddable":true,"href":"https:\/\/lajueya.net\/index.php\/wp-json\/wp\/v2\/categories?post=7854"},{"taxonomy":"post_tag","embeddable":true,"href":"https:\/\/lajueya.net\/index.php\/wp-json\/wp\/v2\/tags?post=7854"}],"curies":[{"name":"wp","href":"https:\/\/api.w.org\/{rel}","templated":true}]}}