{"id":8091,"date":"2021-10-14T07:10:00","date_gmt":"2021-10-14T07:10:00","guid":{"rendered":"https:\/\/lajueya.net\/?p=8091"},"modified":"2021-10-14T23:04:22","modified_gmt":"2021-10-14T23:04:22","slug":"el-sistema-educativo-espanol","status":"publish","type":"post","link":"https:\/\/lajueya.net\/index.php\/2021\/10\/14\/el-sistema-educativo-espanol\/","title":{"rendered":"El Sistema Educativo espa\u00f1ol"},"content":{"rendered":"\n<p>El nuevo Instituto Rey Pelayo en el proyecto.<\/p>\n\n\n\n<p><strong>Deva Benito Lara, Alba P\u00e9rez Marcos y Ana S\u00e1nchez Foyo.<\/strong><\/p>\n\n\n\n<p>En Espa\u00f1a, tenemos un sistema educativo gratuito desde los 3 a\u00f1os hasta los 18, aunque tambi\u00e9n contamos con colegios concertados (se debe abonar una parte del dinero y otra parte la subvenciona el Estado), y colegios privados (debes abonar la totalidad del coste). En todos los casos el periodo se divide en tres etapas:<\/p>\n\n\n\n<p>La primera de ellas, que es voluntaria, empieza a los 3 a\u00f1os y la denominamos Educaci\u00f3n Infantil. La etapa siguiente, Educaci\u00f3n Primaria, comienza a los 6 a\u00f1os, y es obligatoria hasta los 12. Se centra principalmente en la lectura, escritura, en las matem\u00e1ticas y en la expresi\u00f3n oral. La \u00faltima etapa obligatoria es denominada ESO (Educaci\u00f3n Secundaria Obligatoria), y va desde los 12 hasta los 16 a\u00f1os, la edad a la que se puede dejar de estudiar y comenzar a trabajar. Esta es la \u00faltima etapa obligatoria pero no por ello la \u00faltima etapa educativa: tras acabar la ense\u00f1anza obligatoria existen varias opciones para continuar con tu formaci\u00f3n. Sobre estas opciones hablaremos m\u00e1s a fondo en siguientes ediciones.<\/p>\n\n\n\n<p>El Sistema Educativo Espa\u00f1ol tiene como primer objetivo ofrecer a todas las personas los elementos necesarios para su total desarrollo personal, profesional y social. Tambi\u00e9n se tiene en cuenta a todos los alumnos con necesidades educativas especiales, alumnos que requieren educaci\u00f3n a distancia por diferentes circunstancias (hospitalizaci\u00f3n, centro de estudios lejano a su domicilio, condiciones meteorol\u00f3gicas adversas, etc.), o alumnos adultos (existen centros especializados donde pueden cursar estudios como la ESO, Bachiller).<\/p>\n\n\n\n<p>Visto as\u00ed parece ser id\u00edlico pero nada m\u00e1s lejos de la realidad; iremos indagando sobre ello en las pr\u00f3ximas publicaciones.<\/p>\n\n\n\n<p>Bibliograf\u00eda<\/p>\n\n\n\n<p><blockquote class=\"wp-embedded-content\" data-secret=\"8Z0zYysoOk\"><a href=\"https:\/\/gogoespana.com\/en\/\">Home<\/a><\/blockquote><iframe loading=\"lazy\" class=\"wp-embedded-content\" sandbox=\"allow-scripts\" security=\"restricted\" style=\"position: absolute; clip: rect(1px, 1px, 1px, 1px);\" title=\"&#8220;Home&#8221; &#8212; Go! Go! Espa\u00f1a\" src=\"https:\/\/gogoespana.com\/en\/embed\/#?secret=8Z0zYysoOk\" data-secret=\"8Z0zYysoOk\" width=\"600\" height=\"338\" frameborder=\"0\" marginwidth=\"0\" marginheight=\"0\" scrolling=\"no\"><\/iframe><\/p>\n\n\n\n<p>https:\/\/www.educacionyfp.gob.es<\/p>\n\n\n\n<figure class=\"wp-block-gallery aligncenter columns-1 is-cropped wp-block-gallery-1 is-layout-flex wp-block-gallery-is-layout-flex\"><ul class=\"blocks-gallery-grid\"><li class=\"blocks-gallery-item\"><figure><img loading=\"lazy\" decoding=\"async\" width=\"768\" height=\"1024\" src=\"https:\/\/lajueya.net\/wp-content\/uploads\/2021\/10\/PHOTO-2021-10-12-16-42-241994-768x1024.jpg\" alt=\"\" data-id=\"8115\" data-full-url=\"https:\/\/lajueya.net\/wp-content\/uploads\/2021\/10\/PHOTO-2021-10-12-16-42-241994.jpg\" data-link=\"https:\/\/lajueya.net\/?attachment_id=8115\" class=\"wp-image-8115\"\/><\/figure><\/li><\/ul><\/figure>\n\n\n\n<p><\/p>\n\n\n\n<p><\/p>\n\n\n\n<p><\/p>\n\n\n\n<p><\/p>\n\n\n\n<p><\/p>\n","protected":false},"excerpt":{"rendered":"<p>El nuevo Instituto Rey Pelayo en el proyecto. Deva Benito Lara, Alba P\u00e9rez Marcos y Ana S\u00e1nchez Foyo. En Espa\u00f1a, tenemos un sistema educativo gratuito desde los 3 a\u00f1os hasta los 18, aunque tambi\u00e9n contamos con colegios concertados (se debe abonar una parte del dinero y otra parte la subvenciona el Estado), y colegios privados [&hellip;]<\/p>\n","protected":false},"author":1,"featured_media":8345,"comment_status":"closed","ping_status":"open","sticky":false,"template":"","format":"standard","meta":{"_et_pb_use_builder":"off","_et_pb_old_content":"<!-- wp:paragraph -->\n<p><\/p>\n<!-- \/wp:paragraph -->\n\n<!-- wp:paragraph -->\n<p>En Espa\u00f1a, tenemos un sistema educativo gratuito desde los 3 a\u00f1os hasta los 18, aunque tambi\u00e9n contamos con colegios concertados (se debe abonar una parte del dinero y otra parte la subvenciona el Estado), y colegios privados (debes abonar la totalidad del coste). En todos los casos este periodo se divide en tres etapas:<\/p>\n<!-- \/wp:paragraph -->\n\n<!-- wp:paragraph -->\n<p>La primera de ellas, la cual es voluntaria, empieza a los 3 a\u00f1os y la denominamos Educaci\u00f3n Infantil. La siguiente etapa, Educaci\u00f3n Primaria, comienza a los 6 a\u00f1os, y esta es obligatoria hasta los 12, se enfoca principalmente en la lectura, escritura, en las matem\u00e1ticas y en la expresi\u00f3n oral. La \u00faltima etapa obligatoria es denominada ESO (Educaci\u00f3n Secundaria Obligatoria), y va desde los 12 hasta los 16 a\u00f1os, la edad a la que se puede dejar de estudiar y comenzar a trabajar.<\/p>\n<!-- \/wp:paragraph -->\n\n<!-- wp:paragraph -->\n<p>El Sistema Educativo Espa\u00f1ol tiene como primer objetivo ofrecer a todas las personas los elementos necesarios para su total desarrollo personal, profesional y social. Tambi\u00e9n se tienen en cuenta a todos los alumnos con necesidades educativas especiales, alumnos que requieren de educaci\u00f3n a distancia, por diferentes circunstancias (hospitalizaci\u00f3n, centro de estudios lejano a su domicilio, condiciones meteorol\u00f3gicas adversas, etc.), as\u00ed como a los alumnos adultos (existen centros especializados donde pueden cursar estudios como la ESO, Bachiller).<\/p>\n<!-- \/wp:paragraph -->\n\n<!-- wp:paragraph -->\n<p>Visto as\u00ed parece ser id\u00edlico pero nada m\u00e1s lejos de la realidad, iremos indagando sobre ello en las pr\u00f3ximas publicaciones.<\/p>\n<!-- \/wp:paragraph -->\n\n<!-- wp:file {\"id\":8111,\"href\":\"https:\/\/lajueya.net\/wp-content\/uploads\/2021\/10\/IMG_20211012_164242-1.jpg\"} -->\n<div class=\"wp-block-file\"><a href=\"https:\/\/lajueya.net\/wp-content\/uploads\/2021\/10\/IMG_20211012_164242-1.jpg\">IMG_20211012_164242-1<\/a><a href=\"https:\/\/lajueya.net\/wp-content\/uploads\/2021\/10\/IMG_20211012_164242-1.jpg\" class=\"wp-block-file__button\" download>Descarga<\/a><\/div>\n<!-- \/wp:file -->\n\n<!-- wp:paragraph -->\n<p><\/p>\n<!-- \/wp:paragraph -->","_et_gb_content_width":"","footnotes":""},"categories":[46],"tags":[],"class_list":["post-8091","post","type-post","status-publish","format-standard","has-post-thumbnail","hentry","category-curso-2021-2022"],"_links":{"self":[{"href":"https:\/\/lajueya.net\/index.php\/wp-json\/wp\/v2\/posts\/8091","targetHints":{"allow":["GET"]}}],"collection":[{"href":"https:\/\/lajueya.net\/index.php\/wp-json\/wp\/v2\/posts"}],"about":[{"href":"https:\/\/lajueya.net\/index.php\/wp-json\/wp\/v2\/types\/post"}],"author":[{"embeddable":true,"href":"https:\/\/lajueya.net\/index.php\/wp-json\/wp\/v2\/users\/1"}],"replies":[{"embeddable":true,"href":"https:\/\/lajueya.net\/index.php\/wp-json\/wp\/v2\/comments?post=8091"}],"version-history":[{"count":14,"href":"https:\/\/lajueya.net\/index.php\/wp-json\/wp\/v2\/posts\/8091\/revisions"}],"predecessor-version":[{"id":8320,"href":"https:\/\/lajueya.net\/index.php\/wp-json\/wp\/v2\/posts\/8091\/revisions\/8320"}],"wp:featuredmedia":[{"embeddable":true,"href":"https:\/\/lajueya.net\/index.php\/wp-json\/wp\/v2\/media\/8345"}],"wp:attachment":[{"href":"https:\/\/lajueya.net\/index.php\/wp-json\/wp\/v2\/media?parent=8091"}],"wp:term":[{"taxonomy":"category","embeddable":true,"href":"https:\/\/lajueya.net\/index.php\/wp-json\/wp\/v2\/categories?post=8091"},{"taxonomy":"post_tag","embeddable":true,"href":"https:\/\/lajueya.net\/index.php\/wp-json\/wp\/v2\/tags?post=8091"}],"curies":[{"name":"wp","href":"https:\/\/api.w.org\/{rel}","templated":true}]}}