{"id":8403,"date":"2021-11-05T07:29:00","date_gmt":"2021-11-05T07:29:00","guid":{"rendered":"https:\/\/lajueya.net\/?p=8403"},"modified":"2021-11-05T16:45:08","modified_gmt":"2021-11-05T16:45:08","slug":"el-fin-de-las-aulas-portatiles","status":"publish","type":"post","link":"https:\/\/lajueya.net\/index.php\/2021\/11\/05\/el-fin-de-las-aulas-portatiles\/","title":{"rendered":"\u00bfEl fin de las aulas port\u00e1tiles?"},"content":{"rendered":"\n<p>Interior de una de las aulas prefabricadas. Foto de Deva Benito.<\/p>\n\n\n\n<p>Si la semana pasada habl\u00e1bamos de c\u00f3mo est\u00e1 organizado el Sistema Educativo en Espa\u00f1a, esta semana hemos recibido la noticia del comienzo de construcci\u00f3n del nuevo edificio de nuestro instituto, el IES Rey Pelayo.<\/p>\n\n\n\n<p>Hace unos 7 a\u00f1os, se prohibi\u00f3 el acceso al antiguo edificio debido a problemas en sus pilares, y en ese momento comenz\u00f3 la b\u00fasqueda de una soluci\u00f3n para reubicar a los alumnos que ten\u00edan sus aulas en este edificio. En un primer momento se llevaron las clases de los j\u00f3venes que estaban cursando aquel a\u00f1o segundo de la ESO a la Escuela Hogar situada en el Colegio P\u00fablico <em>Reconquista<\/em>, lo que supuso una gran dificultad para los docentes, que deb\u00edan trasladarse desde las instalaciones del Instituto hasta las del Colegio para ejercer su labor.<\/p>\n\n\n\n<p>En enero de 2015 se colocaron las aulas provisionales, mas conocidas por todos como <em>barracones<\/em> y desde entonces han sido empleadas como aulas para cientos de estudiantes en cada curso.<\/p>\n\n\n\n<p>En la aulas port\u00e1tiles encontramos 8 estancias, un laboratorio y servicios, tanto para alumnos como para profesores.<\/p>\n\n\n\n<p>Las opiniones sobre las aulas son muy diversas y qui\u00e9nes mejor que aquellos alumnos que han estudiado durante varios cursos en ellas para trasladarnos la suya. En una encuesta realizada para conocer la verdadera opini\u00f3n sobre las aulas que tanto han dado que hablar durante estos largos 6 a\u00f1os, hemos obtenido un total de 36 respuestas:<\/p>\n\n\n\n<ul class=\"wp-block-list\"><li>Muestra: 36 personas encuestadas; un 72% de las personas que han completado la encuesta est\u00e1n cursando actualmente bachiller, el 16% la ESO, y el resto est\u00e1n en otros cursos. A m\u00e1s del 80% de los estudiantes les ha tocado recibir clase en estas aulas.<\/li><li>Todos est\u00e1n de acuerdo en que la temperatura es un problema. Los barracones carecen tanto de una buena calefacci\u00f3n como de aire acondicionado y, al ser aulas de materiales pl\u00e1sticos o sint\u00e9ticos, hace que en invierno las temperaturas sean muy bajas, y en verano demasiado elevadas. <\/li><li>Otro grave inconveniente que ha surgido en los \u00faltimos 2 a\u00f1os, ha sido su escaso acondicionamiento en cuanto a medidas COVID: el 89% de las personas que han respondido a nuestra encuesta, creen que las aulas no est\u00e1n habilitadas para cumplir con la nueva normativa.<\/li><li>En cuanto al nuevo proyecto de construir un nuevo edificio, no todo el mundo tiene una visi\u00f3n muy optimista: solo el 2% conf\u00edan en que la obra se complete en el periodo establecido.<\/li><\/ul>\n\n\n\n<figure class=\"wp-block-image size-large is-resized is-style-default\"><img loading=\"lazy\" decoding=\"async\" src=\"https:\/\/lajueya.net\/wp-content\/uploads\/2021\/11\/grafica-barracones-1-576x1024.jpeg\" alt=\"\" class=\"wp-image-8596\" width=\"432\" height=\"768\" \/><figcaption>Gr\u00e1ficas de la encuesta realizada a los alumnos.  <\/figcaption><\/figure>\n\n\n\n<p>Para completar esta peque\u00f1a investigaci\u00f3n, nos hemos puesto en contacto con Gerardo Rodr\u00edguez y Ana Llano, dos arquitectos de Cangas de Onis, con el fin de salir de dudas y conocer finalmente la adecuaci\u00f3n de las aulas port\u00e1tiles a los requisitos t\u00e9cnicos, como las medidas de las ventanas, el tama\u00f1o, la volumetr\u00eda y las ratios de alumnos que pueden recibir clase en ellas. La pr\u00f3xima semana resolveremos todas estas dudas y los interrogantes sobre si los barracones est\u00e1n preparados para el uso docente.<\/p>\n\n\n\n<p>Por otra parte nos hemos puesto en contacto con Construcciones y Promociones Coprosa S.A, la empresa encargada de llevar&nbsp;a cabo el proyecto, pero aun no hemos obtenido respuesta. Esperamos recibirla pronto y poder informar sobre todos los detalles de la obra en el pr\u00f3ximo n\u00famero.<\/p>\n\n\n\n<figure class=\"wp-block-image size-large is-resized\"><img loading=\"lazy\" decoding=\"async\" src=\"https:\/\/lajueya.net\/wp-content\/uploads\/2021\/11\/PHOTO-2021-10-11-14-21-182101-768x1024.jpg\" alt=\"\" class=\"wp-image-8406\" width=\"713\" height=\"951\" \/><\/figure>\n\n\n\n<p>Exterior de las aulas port\u00e1tiles del IES Rey Pelayo. Foto de Ana S\u00e1nchez.<\/p>\n","protected":false},"excerpt":{"rendered":"<p>Interior de una de las aulas prefabricadas. Foto de Deva Benito. Si la semana pasada habl\u00e1bamos de c\u00f3mo est\u00e1 organizado el Sistema Educativo en Espa\u00f1a, esta semana hemos recibido la noticia del comienzo de construcci\u00f3n del nuevo edificio de nuestro instituto, el IES Rey Pelayo. Hace unos 7 a\u00f1os, se prohibi\u00f3 el acceso al antiguo [&hellip;]<\/p>\n","protected":false},"author":1,"featured_media":8404,"comment_status":"closed","ping_status":"open","sticky":false,"template":"","format":"standard","meta":{"_et_pb_use_builder":"off","_et_pb_old_content":"","_et_gb_content_width":"","footnotes":""},"categories":[25,46],"tags":[],"class_list":["post-8403","post","type-post","status-publish","format-standard","has-post-thumbnail","hentry","category-actualidad","category-curso-2021-2022"],"_links":{"self":[{"href":"https:\/\/lajueya.net\/index.php\/wp-json\/wp\/v2\/posts\/8403","targetHints":{"allow":["GET"]}}],"collection":[{"href":"https:\/\/lajueya.net\/index.php\/wp-json\/wp\/v2\/posts"}],"about":[{"href":"https:\/\/lajueya.net\/index.php\/wp-json\/wp\/v2\/types\/post"}],"author":[{"embeddable":true,"href":"https:\/\/lajueya.net\/index.php\/wp-json\/wp\/v2\/users\/1"}],"replies":[{"embeddable":true,"href":"https:\/\/lajueya.net\/index.php\/wp-json\/wp\/v2\/comments?post=8403"}],"version-history":[{"count":10,"href":"https:\/\/lajueya.net\/index.php\/wp-json\/wp\/v2\/posts\/8403\/revisions"}],"predecessor-version":[{"id":8598,"href":"https:\/\/lajueya.net\/index.php\/wp-json\/wp\/v2\/posts\/8403\/revisions\/8598"}],"wp:featuredmedia":[{"embeddable":true,"href":"https:\/\/lajueya.net\/index.php\/wp-json\/wp\/v2\/media\/8404"}],"wp:attachment":[{"href":"https:\/\/lajueya.net\/index.php\/wp-json\/wp\/v2\/media?parent=8403"}],"wp:term":[{"taxonomy":"category","embeddable":true,"href":"https:\/\/lajueya.net\/index.php\/wp-json\/wp\/v2\/categories?post=8403"},{"taxonomy":"post_tag","embeddable":true,"href":"https:\/\/lajueya.net\/index.php\/wp-json\/wp\/v2\/tags?post=8403"}],"curies":[{"name":"wp","href":"https:\/\/api.w.org\/{rel}","templated":true}]}}