{"id":8438,"date":"2021-11-05T07:33:00","date_gmt":"2021-11-05T07:33:00","guid":{"rendered":"https:\/\/lajueya.net\/?p=8438"},"modified":"2021-11-05T07:45:54","modified_gmt":"2021-11-05T07:45:54","slug":"la-crisis-sanitaria-en-un-centro-de-salud-i","status":"publish","type":"post","link":"https:\/\/lajueya.net\/index.php\/2021\/11\/05\/la-crisis-sanitaria-en-un-centro-de-salud-i\/","title":{"rendered":"La crisis sanitaria en un Centro de Salud, I"},"content":{"rendered":"\n<p>Catalina Caama\u00f1o Isorna<span style=\"font-size: revert;\">. Personal sanitario del Centro de Salud de Burela<\/span> (Lugo).<\/p>\n\n\n\n<p><strong>Por Paula Collado Intriago y Mart\u00edn Barrena Caama\u00f1o.<\/strong><\/p>\n\n\n\n<p>A finales de diciembre de 2019, una nueva zoonosis se da en China, el coronavirus, que acaba colapsando las agendas de todos los pa\u00edses del mundo.<\/p>\n\n\n\n<p>Ahora, cuando parece que despu\u00e9s de un a\u00f1o y medio el virus empieza desistir, decidimos entrevistar a Catalina Caama\u00f1o Isorna, trabajadora en el Centro de Salud de Burela, Galicia.<\/p>\n\n\n\n<p>Debido a la extensi\u00f3n de la entrevista y a la cantidad de informaci\u00f3n disponible, hemos decidido partirla en dos partes; la segunda saldr\u00e1 en nuestra siguiente entrega.<\/p>\n\n\n\n<p>el estallido de la crisis de la Covid-19 y la gesti\u00f3n de los centros de salud.<\/p>\n\n\n\n<h3 class=\"wp-block-heading\">El estallido de la crisis de la Covid-19.<\/h3>\n\n\n\n<p><strong><em>Comienza 2020, salen a la luz las primeras noticias sobre la crisis sanitaria que se experimenta en China, gran parte de la poblaci\u00f3n reacciona esc\u00e9pticamente, \u00bfse genera controversia entre sanitarios?<\/em><\/strong><\/p>\n\n\n\n<p>No puedo hablar por el total de sanitarios, sin embargo, en el Centro de Burela s\u00ed hab\u00eda diferencia de opiniones: la m\u00e1s generalizada entre mis compa\u00f1eros era esc\u00e9ptica: se cre\u00eda que iba a ocurrir como con el \u00c9bola, con excesivo alarmismo en un principio y que, finalmente, no sucediese nada; por otro lado, hab\u00eda compa\u00f1eros que estaban preocupados y preve\u00edan la crisis, pero eran una minor\u00eda.<\/p>\n\n\n\n<p><strong><em>Primera quincena de marzo, 2020. Los casos aumentan r\u00e1pidamente y el virus se propaga por toda Espa\u00f1a. El s\u00e1bado 14 se declara el estado de alarma<\/em><\/strong>&#8230;<\/p>\n\n\n\n<p>Una semana antes al estado de alarma, recuerdo estar tomando caf\u00e9 con mis compa\u00f1eros; una de ellas ten\u00eda un viaje a Italia, y dec\u00eda: \u201cMi marido dice que no debemos ir, pero yo creo que somos unos exagerados\u201d. Lo que quiero decir, es que en mi ambiente m\u00e1s cercano de trabajo est\u00e1bamos igual de desprevenidos que el resto de la poblaci\u00f3n. En el \u00e1mbito estatal, s\u00ed se ve\u00eda venir, de ah\u00ed que empezaran a llegar EPIS y equipos de protecci\u00f3n.<\/p>\n\n\n\n<p>De hecho, en mi centro de salud no se habilit\u00f3 una sala para atenci\u00f3n a infectados \u2013 mi consulta. \u2013 hasta pr\u00e1cticamente 72 horas antes del estado de alarma, cuando llega el primer protocolo.<\/p>\n\n\n\n<p>Igualmente, en el centro de Burela tuvimos la suerte de contar con una compa\u00f1era que hab\u00eda trabajado muchos a\u00f1os en <em>M\u00e9dicos del Mundo<\/em>, lidiando con epidemias. Por lo tanto, tan pronto como recibimos el primer protocolo, supo c\u00f3mo ejecutarlo correctamente.<\/p>\n\n\n\n<p><em>Se declara la cuarentena, todos nos vemos de repente bajo confinamiento. Usted, siendo personal sanitario, \u00bfc\u00f3mo asume la interacci\u00f3n con sus familiares\/compa\u00f1eros?<\/em><\/p>\n\n\n\n<p>Tuve la suerte de tener amistad con t\u00e9cnicos que entend\u00edan de pandemias y plagas. Todos ellos me dejaron claro que una gran parte de los contagios entre personal sanitario no se produc\u00edan ejerciendo, sino entre compa\u00f1eros cuando las medidas se relajaban.<\/p>\n\n\n\n<p>En momentos tan sofocantes como los que se viv\u00edan en hospitales y centros de salud, era muy importante el apoyo, ya que la gente desbordada tiende a colapsar. Pero a m\u00ed me hab\u00edan dejado muy claro que ten\u00eda que aislarme, y as\u00ed lo abord\u00e9.<\/p>\n\n\n\n<p>En el \u00e1mbito familiar me aisl\u00e9 completamente, tal y como me hab\u00edan recomendado. Las primeras semanas no me quitaba la mascarilla en casa, finalmente, cuando la situaci\u00f3n se comenz\u00f3 a normalizar, me relaj\u00e9 con las medidas preventivas.<\/p>\n\n\n\n<p><strong><em>\u00bfQu\u00e9 papel desempe\u00f1aron los centros de salud en esta crisis sanitaria?<\/em><\/strong><\/p>\n\n\n\n<p>La pandemia en los centros de salud se vivi\u00f3 de forma muy diferente a los hospitales, protagonistas en medios. Mientras en los hospitales se ocupaban de la parte m\u00e9dica m\u00e1s activa, el papel de los Centros de Salud fue m\u00e1s administrativo: detectar casos, hacer seguimientos, expedir bajas a contagiados, etc.<\/p>\n\n\n\n<p>Adem\u00e1s los casos graves eran dirigidos directamente a los hospitales, no pasaban por los Centros; solo ten\u00edamos contacto directo con casos leves.<\/p>\n\n\n\n<p>Igualmente, el acceso al n\u00famero total de muertos, contagiados y ingresados en UCI en todo momento, as\u00ed como nuestra vinculaci\u00f3n con los hospitales, nos hizo seguir viendo de forma mas directa y clara la crisis sanitaria que al ciudadano de a pie.<\/p>\n\n\n\n<p>___________________<\/p>\n\n\n\n<ul class=\"wp-block-list\"><li>Fuente: Catalina Caama\u00f1o Isorna, personal sanitario del Centro de Salud de Burela, 49 a\u00f1os, 01\/11\/2021.<\/li><\/ul>\n","protected":false},"excerpt":{"rendered":"<p>Catalina Caama\u00f1o Isorna. Personal sanitario del Centro de Salud de Burela (Lugo). Por Paula Collado Intriago y Mart\u00edn Barrena Caama\u00f1o. A finales de diciembre de 2019, una nueva zoonosis se da en China, el coronavirus, que acaba colapsando las agendas de todos los pa\u00edses del mundo. Ahora, cuando parece que despu\u00e9s de un a\u00f1o y [&hellip;]<\/p>\n","protected":false},"author":1,"featured_media":8442,"comment_status":"closed","ping_status":"open","sticky":false,"template":"","format":"standard","meta":{"_et_pb_use_builder":"off","_et_pb_old_content":"","_et_gb_content_width":"","footnotes":""},"categories":[25,48,46,44],"tags":[],"class_list":["post-8438","post","type-post","status-publish","format-standard","has-post-thumbnail","hentry","category-actualidad","category-ciencia","category-curso-2021-2022","category-entrevistas"],"_links":{"self":[{"href":"https:\/\/lajueya.net\/index.php\/wp-json\/wp\/v2\/posts\/8438","targetHints":{"allow":["GET"]}}],"collection":[{"href":"https:\/\/lajueya.net\/index.php\/wp-json\/wp\/v2\/posts"}],"about":[{"href":"https:\/\/lajueya.net\/index.php\/wp-json\/wp\/v2\/types\/post"}],"author":[{"embeddable":true,"href":"https:\/\/lajueya.net\/index.php\/wp-json\/wp\/v2\/users\/1"}],"replies":[{"embeddable":true,"href":"https:\/\/lajueya.net\/index.php\/wp-json\/wp\/v2\/comments?post=8438"}],"version-history":[{"count":6,"href":"https:\/\/lajueya.net\/index.php\/wp-json\/wp\/v2\/posts\/8438\/revisions"}],"predecessor-version":[{"id":8571,"href":"https:\/\/lajueya.net\/index.php\/wp-json\/wp\/v2\/posts\/8438\/revisions\/8571"}],"wp:featuredmedia":[{"embeddable":true,"href":"https:\/\/lajueya.net\/index.php\/wp-json\/wp\/v2\/media\/8442"}],"wp:attachment":[{"href":"https:\/\/lajueya.net\/index.php\/wp-json\/wp\/v2\/media?parent=8438"}],"wp:term":[{"taxonomy":"category","embeddable":true,"href":"https:\/\/lajueya.net\/index.php\/wp-json\/wp\/v2\/categories?post=8438"},{"taxonomy":"post_tag","embeddable":true,"href":"https:\/\/lajueya.net\/index.php\/wp-json\/wp\/v2\/tags?post=8438"}],"curies":[{"name":"wp","href":"https:\/\/api.w.org\/{rel}","templated":true}]}}