{"id":8765,"date":"2021-11-19T07:35:00","date_gmt":"2021-11-19T07:35:00","guid":{"rendered":"https:\/\/lajueya.net\/?p=8765"},"modified":"2021-11-18T18:22:05","modified_gmt":"2021-11-18T18:22:05","slug":"la-crisis-sanitaria-en-un-centro-de-salud-ii","status":"publish","type":"post","link":"https:\/\/lajueya.net\/index.php\/2021\/11\/19\/la-crisis-sanitaria-en-un-centro-de-salud-ii\/","title":{"rendered":"La crisis sanitaria en un Centro de Salud, II"},"content":{"rendered":"\n<p> Segunda parte de la entrevista realizada a Catalina Caama\u00f1o Isorna (1), en la imagen, sobre la gesti\u00f3n de la crisis del Covid-19 en un Centro de Salud. Existe un enlace a la primera parte de la entrevista al final del art\u00edculo.<\/p>\n\n\n\n<p><strong>Por Paula Collado Intriago y Mart\u00edn Barrena Caama\u00f1o.<\/strong><\/p>\n\n\n\n<h3 class=\"wp-block-heading\">Desescalada, vacuna y reflexi\u00f3n.<\/h3>\n\n\n\n<p><strong>Al trabajar en un centro de salud tendr\u00edas acceso al recuento en numero de casos, muertes, etc\u2026 \u00bfVes en ese momento una crisis grave, o crees que es exagerada por los medios?<\/strong><\/p>\n\n\n\n<p>Pues hombre, yo dir\u00eda que \u00abexagerada\u00bb&#8230; para nada.<\/p>\n\n\n\n<p>En el municipio de Burela, que cuenta con unos 10.000 habitantes, hubo un momento en que lleg\u00f3 a haber 200 infectados simult\u00e1neamente, que visto as\u00ed puede parecer poco, pero si tenemos en cuenta que seg\u00fan la OMS cada infectado de media tiene 10 contactos\u2026 en Burela pudo llegar a haber 2.000 personas confinadas simult\u00e1neamente, un 20% de la poblaci\u00f3n. Esto supone una situaci\u00f3n no solo sanitaria, sino econ\u00f3micamente grave: much\u00edsimas empresas tuvieron que cerrar porque ten\u00edan a sus trabajadores confinados.<\/p>\n\n\n\n<p><strong>Cuando con la llegada de mayo da comienzo la desescalada, y poco a poco se nos permite recuperar nuestra vida social \u00bfc\u00f3mo afront\u00e1is en tu familia y entorno de trabajo este cambio?<\/strong><\/p>\n\n\n\n<p>A ver, empecemos porque yo en ning\u00fan momento tuve miedo a las consecuencias del contagio: al final sab\u00eda que las posibilidades de que el virus me matara eran escasas; posible lo era, porque ya hab\u00eda muerto gente m\u00e1s joven y con menos patolog\u00edas previas que yo, pero al fin y al cabo escasa.<\/p>\n\n\n\n<p>Dicho esto, s\u00ed es cierto que tuve mucha prudencia, pero m\u00e1s que por mi o por mi familia cercana, por responsabilidad social. Hubo muchas cosas que dejamos de hacer; por ejemplo: dejas de ir a ver a tus padres, y si vas no te quitas la mascarilla, t\u00fa mismo ves que tienen miedo; no vas con los ni\u00f1os al parque, no dejas que tu hijo vaya a jugar al futbol; etc. Yo lo ve\u00eda como lo que deb\u00edamos hacer todos, de ah\u00ed que me chocaran las acciones de algunos conocidos. Me llev\u00e9 decepciones personales.<\/p>\n\n\n\n<div class=\"wp-block-columns is-layout-flex wp-container-core-columns-is-layout-9d6595d7 wp-block-columns-is-layout-flex\">\n<div class=\"wp-block-column is-layout-flow wp-block-column-is-layout-flow\" style=\"flex-basis:33.33%\">\n<p>Desde mi trabajo cabe destacar que participamos en dos campa\u00f1as para concienciar a la poblaci\u00f3n sobre el virus: <\/p>\n\n\n\n<ul class=\"wp-block-list\"><li>un video que realizamos en colaboraci\u00f3n con todos los Centros de Salud y el Hospital de La Mari\u00f1a (2), en el que explic\u00e1bamos que el fin de la cuarentena no era el fin de la pandemia<\/li><li>unos tr\u00edpticos sobre las medidas de protecci\u00f3n individuales que escribimos y difundi\u00f3 el Concejo de Burela a trav\u00e9s de Internet.<\/li><\/ul>\n<\/div>\n\n\n\n<div class=\"wp-block-column is-layout-flow wp-block-column-is-layout-flow\" style=\"flex-basis:66.66%\">\n<div class=\"wp-block-buttons is-layout-flex wp-block-buttons-is-layout-flex\">\n<div class=\"wp-block-button\"><a class=\"wp-block-button__link\">Enlace al video \u00abO COVID NO HOSPITAL DA MARI\u00d1A\u00bb<\/a><\/div>\n<\/div>\n\n\n\n<figure class=\"wp-block-image size-large is-resized\"><img loading=\"lazy\" decoding=\"async\" src=\"https:\/\/lajueya.net\/wp-content\/uploads\/2021\/11\/IMG-20211101-WA0045-1-1-1024x768.jpg\" alt=\"\" class=\"wp-image-8771\" width=\"397\" height=\"297\"\/><figcaption>Tr\u00edptico de informaci\u00f3n sanitaria \/ Centro de Salud de Burela<\/figcaption><\/figure>\n<\/div>\n<\/div>\n\n\n\n<p><strong>\u00bfPor qu\u00e9 crees que una parte de la sociedad se salt\u00f3, y salta, las medidas y no asume su responsabilidad?<\/strong><\/p>\n\n\n\n<p>Por ejemplo, en Burela no hubo muertos, pero s\u00ed muchos negocios que, bien por la cuarentena o bien por los cierres que sufrimos despu\u00e9s a causa de rebrotes, no pudieron reabrir.<\/p>\n\n\n\n<p>Claro, como le explicas t\u00fa a una poblaci\u00f3n as\u00ed que tiene que paralizar su econom\u00eda y arriesgar sus comercios por una crisis sanitaria, que a ellos les es pr\u00e1cticamente ajena&#8230; es muy dif\u00edcil.<\/p>\n\n\n\n<p><strong>Cuando empieza la segunda ola, all\u00e1 por septiembre del 2020 \u00bfC\u00f3mo la percib\u00eds? \u00bfSent\u00eds que podemos acabar como en abril o ya sab\u00e9is que no va a haber ni punto de comparaci\u00f3n?<\/strong><\/p>\n\n\n\n<p>Hab\u00eda mucha m\u00e1s tranquilidad en el Centro de Salud. Mientras en la primera ola cont\u00e1bamos con material escaso -hab\u00eda pocas mascarillas, solo ten\u00edamos una para toda la semana, que adem\u00e1s ten\u00edamos que lavar, los protocolos cambiaban cada semana, no ten\u00edamos informaci\u00f3n; solo cont\u00e1bamos con un EPI- en la segunda est\u00e1bamos mucho mejor preparados; cont\u00e1bamos con m\u00e1s material, pero sobre todo, con informaci\u00f3n y protocolos de actuaci\u00f3n claros.<\/p>\n\n\n\n<p><strong>Aun as\u00ed, esa no es la \u00fanica ola que pasamos, hasta mediados del a\u00f1o siguiente, 2021, vivimos continuos rebrotes relativamente importantes \u00bfCu\u00e1l fue el punto de inflexi\u00f3n en la lucha contra el virus?<\/strong><\/p>\n\n\n\n<p>Sin duda la Vacuna.<\/p>\n\n\n\n<p>El d\u00eda que llegamos al Centro y nos vacunaron a todos fue un d\u00eda de alegr\u00eda. Es cierto que tuve alg\u00fan compa\u00f1ero con miedo, y que me llegaron a decir \u201cCatalina, nos est\u00e1n utilizando como conejillos de indias\u201d, pero yo en ning\u00fan momento pens\u00e9 eso, nos ve\u00eda como a unos privilegiados.<\/p>\n\n\n\n<p><strong>Sobre las vacunas y la pol\u00e9mica relacionada con su seguridad, \u00bfqu\u00e9 opinas<\/strong>?<\/p>\n\n\n\n<p>Hombre, lo que est\u00e1 claro es que la vacuna ha funcionado, y no solo en la reducci\u00f3n de la gravedad de las afecciones, que fue para lo que fue dise\u00f1ada, sino tambi\u00e9n en frenar la propagaci\u00f3n, que no est\u00e1bamos seguros de que pudiera hacerlo.<\/p>\n\n\n\n<p>Y es que la vacuna permiti\u00f3 que, cuando se les administr\u00f3 a los mayores, las familias pudieran volver a los geri\u00e1tricos a verlos. A m\u00ed me parec\u00eda algo indispensable, pues esas personas llevaban mucho tiempo solas. Ya solo por ello, hay que respetar el proceso de vacunas; sin ellas, el confinamiento habr\u00eda durado mucho m\u00e1s tiempo y mucha m\u00e1s gente habr\u00eda muerto antes de volver a la normalidad.<\/p>\n\n\n\n<p>Entiendo el miedo de algunos ante la rapidez de su desarrollo, pero seamos l\u00f3gicos: estas vacunas fueron sometidas a m\u00e1s vigilancia que ninguna otra antes. La posibilidad de que resultase peligrosa, m\u00e1s all\u00e1 de las incertidumbres que entra\u00f1a cualquier vacuna, era escasa. Hoy est\u00e1 m\u00e1s que claro que, con tantas vacunaciones y tan pocos casos de reacciones graves, es todo un \u00e9xito.<\/p>\n\n\n\n<p><strong>Hoy parece que todo torna a bien y que el virus tiene los d\u00edas contados, \u00bfcu\u00e1l crees que tiene que ser el an\u00e1lisis de la crisis que hemos vivido?<\/strong><\/p>\n\n\n\n<p>Yo creo que fue un ba\u00f1o de realidad, que ni los mas estudiados y preparados en el tema lo vieron venir, adem\u00e1s solo personas muy concretas supieron c\u00f3mo reaccionar porque ni nosotros, ni el sistema, est\u00e1bamos preparados para una situaci\u00f3n as\u00ed.<\/p>\n\n\n\n<p>Tambi\u00e9n vi a gente que mir\u00f3 mas por si mismo que por los dem\u00e1s, gente que se salt\u00f3 la lista, personas que sal\u00edan de casa cuando no les estaba permitido, o que abandono Galicia cuando estaba cerrada perimetralmente.<\/p>\n\n\n\n<p>Y as\u00ed como v\u00ed esto, tambi\u00e9n v\u00ed gente que le ech\u00f3 pecho, arrim\u00f3 el hombro y ayud\u00f3 en todo lo que pudo, sin importar lo que les pudiera pasar.<\/p>\n\n\n\n<p>Mi reflexi\u00f3n ser\u00eda que hay que tener claro que, queramos lo que queramos, somos una sociedad y tenemos que actuar como tal. Si cada uno va por su cuenta y hace lo que le da la gana reinar\u00e1 el caos.<\/p>\n\n\n\n<p><\/p>\n\n\n\n<div class=\"wp-block-buttons is-layout-flex wp-block-buttons-is-layout-flex\">\n<div class=\"wp-block-button\"><a class=\"wp-block-button__link\" href=\"https:\/\/lajueya.net\/index.php\/2021\/11\/05\/la-crisis-sanitaria-en-un-centro-de-salud-i\/?preview_id=8438&amp;preview_nonce=8690780dd4&amp;preview=true&amp;_thumbnail_id=8442\">Primera parte<\/a><\/div>\n<\/div>\n\n\n\n<p>_____________________________<\/p>\n\n\n\n<ul class=\"wp-block-list\"><li>1: Personal sanitario del Centro de Salud de Burela, 49 a\u00f1os, 01\/11\/2021.<\/li><li>2: La Mari\u00f1a es una comarca de la costa lucense, con localidades como Burela, donde est\u00e1 el Hospital y el Centro de Salud; Foz, Barreiros, etc.<\/li><li>Imagen principal: fuente familiar.<\/li><\/ul>\n","protected":false},"excerpt":{"rendered":"<p>Segunda parte de la entrevista realizada a Catalina Caama\u00f1o Isorna (1), en la imagen, sobre la gesti\u00f3n de la crisis del Covid-19 en un Centro de Salud. Existe un enlace a la primera parte de la entrevista al final del art\u00edculo. Por Paula Collado Intriago y Mart\u00edn Barrena Caama\u00f1o. Desescalada, vacuna y reflexi\u00f3n. Al trabajar [&hellip;]<\/p>\n","protected":false},"author":1,"featured_media":8768,"comment_status":"closed","ping_status":"open","sticky":false,"template":"","format":"standard","meta":{"_et_pb_use_builder":"off","_et_pb_old_content":"","_et_gb_content_width":"","footnotes":""},"categories":[48,46,21],"tags":[],"class_list":["post-8765","post","type-post","status-publish","format-standard","has-post-thumbnail","hentry","category-ciencia","category-curso-2021-2022","category-tecnologia"],"_links":{"self":[{"href":"https:\/\/lajueya.net\/index.php\/wp-json\/wp\/v2\/posts\/8765","targetHints":{"allow":["GET"]}}],"collection":[{"href":"https:\/\/lajueya.net\/index.php\/wp-json\/wp\/v2\/posts"}],"about":[{"href":"https:\/\/lajueya.net\/index.php\/wp-json\/wp\/v2\/types\/post"}],"author":[{"embeddable":true,"href":"https:\/\/lajueya.net\/index.php\/wp-json\/wp\/v2\/users\/1"}],"replies":[{"embeddable":true,"href":"https:\/\/lajueya.net\/index.php\/wp-json\/wp\/v2\/comments?post=8765"}],"version-history":[{"count":12,"href":"https:\/\/lajueya.net\/index.php\/wp-json\/wp\/v2\/posts\/8765\/revisions"}],"predecessor-version":[{"id":8832,"href":"https:\/\/lajueya.net\/index.php\/wp-json\/wp\/v2\/posts\/8765\/revisions\/8832"}],"wp:featuredmedia":[{"embeddable":true,"href":"https:\/\/lajueya.net\/index.php\/wp-json\/wp\/v2\/media\/8768"}],"wp:attachment":[{"href":"https:\/\/lajueya.net\/index.php\/wp-json\/wp\/v2\/media?parent=8765"}],"wp:term":[{"taxonomy":"category","embeddable":true,"href":"https:\/\/lajueya.net\/index.php\/wp-json\/wp\/v2\/categories?post=8765"},{"taxonomy":"post_tag","embeddable":true,"href":"https:\/\/lajueya.net\/index.php\/wp-json\/wp\/v2\/tags?post=8765"}],"curies":[{"name":"wp","href":"https:\/\/api.w.org\/{rel}","templated":true}]}}