{"id":9570,"date":"2022-02-04T01:10:00","date_gmt":"2022-02-04T01:10:00","guid":{"rendered":"https:\/\/lajueya.net\/?p=9570"},"modified":"2022-02-03T23:06:17","modified_gmt":"2022-02-03T23:06:17","slug":"la-primera-taxista-de-cabrales","status":"publish","type":"post","link":"https:\/\/lajueya.net\/index.php\/2022\/02\/04\/la-primera-taxista-de-cabrales\/","title":{"rendered":"La primera taxista de Cabrales"},"content":{"rendered":"\n<p class=\"has-text-align-center\">Luisa Mar\u00eda Borbolla en su taxi en marzo de 2002. Imagen publicada en \u00abEl Comercio\u00bb. L. M. B.<\/p>\n\n\n\n<h4 class=\"wp-block-heading\" id=\"experiencias-y-anecdotas-de-la-primera-mujer-que-ejercio-como-taxista-en-el-concejo-cabraliego\">Experiencias y an\u00e9cdotas de la primera mujer que ejerci\u00f3 como taxista en el concejo cabraliego.<\/h4>\n\n\n\n<p id=\"marta-herrero-iker-garmilla-antonio-gonzalez\"><strong>Marta Herrero, Iker Garmilla, Antonio Gonz\u00e1lez. <\/strong><\/p>\n\n\n\n<p>Luisa Borbolla, nacida en Santander de padres cabraliegos, hoy es cuidadora en el colegio de Arenas y acompa\u00f1ante de transporte escolar. Pero fue hace ya m\u00e1s de 15 a\u00f1os, cuando se convirti\u00f3 en la primera mujer taxista del concejo de Cabrales.<\/p>\n\n\n\n<p>Cuando Luisa hab\u00eda finalizado sus estudios de t\u00e9cnico especialista administrativo en Santander, donde viv\u00eda en aquel entonces, conoci\u00f3 al padre de su hijo, con el que plane\u00f3 establecer un negocio en Arenas de Cabrales. Antes de eso, Luisa hab\u00eda decidido sacarse el carnet de taxis y ambulancias hasta 3500 kg, vi\u00e9ndolo como una buena forma de ganarse la vida, debido a la multitud de viajes que la gente realizaba a destinos como Picos de Europa o distintos&nbsp;&nbsp;aeropuertos.<\/p>\n\n\n\n<p>En el momento de establecerse definitivamente en Arenas, Luisa no ten\u00eda la intenci\u00f3n de trabajar como taxista, y desde un principio, mont\u00f3 el negocio que ella y el padre de su hijo hab\u00edan planeado.  Entonces conocieron a Javier Campillo Sadia, quien ten\u00eda una plaza de auto taxi heredada de su padre. Como el bar \u201cRibeles\u201d les estaba dando buenos resultados, cuando Javier, el propietario, que no estaba interesado en trabajar como taxista, les ofreci\u00f3 la posibilidad de comprarle la plaza, ellos accedieron. Para Luisa, que entonces ya dispon\u00eda del carnet, supuso una buena opci\u00f3n de trabajo y tambi\u00e9n una posibilidad de desarrollo personal.<\/p>\n\n\n\n<div class=\"wp-block-image\"><figure class=\"aligncenter size-large is-resized\"><img loading=\"lazy\" decoding=\"async\" src=\"https:\/\/lajueya.net\/wp-content\/uploads\/2022\/02\/320CB8E1-1916-4327-AB9B-59D434736C20-761x1024.jpeg\" alt=\"\" class=\"wp-image-9573\" width=\"348\" height=\"468\"\/><figcaption>Luisa Mar\u00eda Borbolla en su taxi junto a su hijo Iker Garmilla Borbolla, verano de 2004. Imagen L. M. B.<\/figcaption><\/figure><\/div>\n\n\n\n<p>Aunque en su momento fue bien recibida por el resto de taxistas, llamaba la atenci\u00f3n por ser la primera y \u00fanica mujer. Luisa notaba c\u00f3mo todo el mundo estaba a la expectativa, pendiente de sus acciones.<\/p>\n\n\n\n<p>Los horarios de trabajo, al ser aut\u00f3noma, eran los determinados por ella misma, aunque es cierto que depend\u00eda en gran medida de los viajes que ten\u00eda cada d\u00eda y de los destinos a los que ten\u00eda que desplazarse. Por lo general, los trayectos estaban concertados con antelaci\u00f3n y eso le permit\u00eda tener una agenda semanal bastante bien estructurada, por lo que su relaci\u00f3n con la vida personal y el tiempo libre no era muy complicada, a\u00fan contando con la aparici\u00f3n de viajes repentinos. Luisa siempre consider\u00f3 de vital importancia reservar un espacio para la familia y los amigos, cosa que su horario le permit\u00eda.&nbsp;<\/p>\n\n\n\n<p>Si no contaba con ning\u00fan viaje programado, esperaba en la plaza de taxis de Arenas de Cabrales, situada debajo del restaurante \u201cCaf\u00e9 Cares\u00bb.<\/p>\n\n\n\n<p>Coincidiendo con su per\u00edodo laboral, Luisa se qued\u00f3 embarazada de su hijo Iker. Esto no le puso un problema, ya que pas\u00f3 un embarazo f\u00e1cil que le permiti\u00f3 trabajar hasta los \u00faltimos 15 d\u00edas antes de dar a luz (2004), y tras recuperarse del parto continu\u00f3 trabajando hasta finales del 2005.<\/p>\n\n\n\n<p>Luisa remarca una \u00e9poca en concreto (desde Semana Santa hasta m\u00e1s o menos el puente del Pilar) en la que, contrariamente a lo que se atribuye a Cabrales como zona de escasa poblaci\u00f3n, muchos turistas, especialmente extranjeros, se hospedaban en hoteles de la zona y solicitaban viajes, recogidas a aeropuertos (Santander, Bilbao\u2026) o trayectos desde Arenas a otros puntos del norte de Asturias como Covadonga, Llanes o Ribadesella. La la labor de taxista no se reduc\u00eda a llevar a las personas mayores de los pueblos al m\u00e9dico, sino que inclu\u00eda viajes mucho m\u00e1s variados.<\/p>\n\n\n\n<p>Y hablando de desplazamientos, cabe mencionar que, durante su labor de taxista (desde febrero de 2002 hasta finales de 2005), Luisa recorr\u00eda cerca de 100.000 kil\u00f3metros anuales y era muy apreciada por los dem\u00e1s conductores, tanto de Cabrales como de fuera del concejo.<\/p>\n\n\n\n<ul class=\"wp-block-list\"><li>INFORMADORA: BORBOLLA S\u00c1NCHEZ, Luisa Mar\u00eda, 46 a\u00f1os. Cuidadora infantil, vecina de Arenas de Cabrales.<\/li><\/ul>\n","protected":false},"excerpt":{"rendered":"<p>Luisa Mar\u00eda Borbolla en su taxi en marzo de 2002. Imagen publicada en \u00abEl Comercio\u00bb. L. M. B. Experiencias y an\u00e9cdotas de la primera mujer que ejerci\u00f3 como taxista en el concejo cabraliego. Marta Herrero, Iker Garmilla, Antonio Gonz\u00e1lez. Luisa Borbolla, nacida en Santander de padres cabraliegos, hoy es cuidadora en el colegio de Arenas [&hellip;]<\/p>\n","protected":false},"author":1,"featured_media":9572,"comment_status":"closed","ping_status":"closed","sticky":false,"template":"","format":"standard","meta":{"_et_pb_use_builder":"off","_et_pb_old_content":"","_et_gb_content_width":"","footnotes":""},"categories":[14,46,44,18],"tags":[],"class_list":["post-9570","post","type-post","status-publish","format-standard","has-post-thumbnail","hentry","category-cultura","category-curso-2021-2022","category-entrevistas","category-rural"],"_links":{"self":[{"href":"https:\/\/lajueya.net\/index.php\/wp-json\/wp\/v2\/posts\/9570","targetHints":{"allow":["GET"]}}],"collection":[{"href":"https:\/\/lajueya.net\/index.php\/wp-json\/wp\/v2\/posts"}],"about":[{"href":"https:\/\/lajueya.net\/index.php\/wp-json\/wp\/v2\/types\/post"}],"author":[{"embeddable":true,"href":"https:\/\/lajueya.net\/index.php\/wp-json\/wp\/v2\/users\/1"}],"replies":[{"embeddable":true,"href":"https:\/\/lajueya.net\/index.php\/wp-json\/wp\/v2\/comments?post=9570"}],"version-history":[{"count":10,"href":"https:\/\/lajueya.net\/index.php\/wp-json\/wp\/v2\/posts\/9570\/revisions"}],"predecessor-version":[{"id":9845,"href":"https:\/\/lajueya.net\/index.php\/wp-json\/wp\/v2\/posts\/9570\/revisions\/9845"}],"wp:featuredmedia":[{"embeddable":true,"href":"https:\/\/lajueya.net\/index.php\/wp-json\/wp\/v2\/media\/9572"}],"wp:attachment":[{"href":"https:\/\/lajueya.net\/index.php\/wp-json\/wp\/v2\/media?parent=9570"}],"wp:term":[{"taxonomy":"category","embeddable":true,"href":"https:\/\/lajueya.net\/index.php\/wp-json\/wp\/v2\/categories?post=9570"},{"taxonomy":"post_tag","embeddable":true,"href":"https:\/\/lajueya.net\/index.php\/wp-json\/wp\/v2\/tags?post=9570"}],"curies":[{"name":"wp","href":"https:\/\/api.w.org\/{rel}","templated":true}]}}