{"id":9599,"date":"2022-02-04T01:09:00","date_gmt":"2022-02-04T01:09:00","guid":{"rendered":"https:\/\/lajueya.net\/?p=9599"},"modified":"2022-02-04T00:07:00","modified_gmt":"2022-02-04T00:07:00","slug":"maria-de-los-angeles-paloma","status":"publish","type":"post","link":"https:\/\/lajueya.net\/index.php\/2022\/02\/04\/maria-de-los-angeles-paloma\/","title":{"rendered":"Maria de los \u00c1ngeles, Paloma."},"content":{"rendered":"\n<p>Curso 1963-1964. Promoci\u00f3n de Licenciados en Farmacia, Universidad de Santiago de  Compostela \/ Fuente familiar.<\/p>\n\n\n\n<p><strong>Mart\u00edn Barrena | Paula Collado.<\/strong><\/p>\n\n\n\n<div class=\"wp-block-image\"><figure class=\"alignright size-full is-resized\"><img loading=\"lazy\" decoding=\"async\" src=\"https:\/\/lajueya.net\/wp-content\/uploads\/2022\/02\/Maria-de-los-angeles-de-joven.jpg\" alt=\"\" class=\"wp-image-9601\" width=\"262\" height=\"310\"\/><figcaption>Maria de los Angeles de joven\/ Fuente familiar.<\/figcaption><\/figure><\/div>\n\n\n\n<p>Mar\u00eda de los Angeles Isorna Artime naci\u00f3 en Santiago de Compostela el 6 de Julio de 1939. Su padre, Enrique, era maestro, mientras que su madre dedic\u00f3 su vida a diferentes tipos de comercio, desde una ferreter\u00eda hasta la colchoner\u00eda por la que se la recuerda en la zona. Tuvieron la ardua tarea, pero entonces normal, de sacar adelante seis hijos. Siendo a\u00fan una ni\u00f1a a \u00c1ngeles la empezaron a llamar Paloma, por su parecido con otra ni\u00f1a que se cri\u00f3 en su casa, y ese nombre le qued\u00f3 de por vida.<\/p>\n\n\n\n<p>Ingres\u00f3 en <em>Nuestra Se\u00f1ora de los Remedios<\/em>, un colegio de monjas donde estudi\u00f3 hasta acabar el bachiller, que entonces contaba con siete cursos. Finalizado, sin tener claro a\u00fan qu\u00e9 hacer, se present\u00f3 al examen preuniversitario de Ciencias. En aquella \u00e9poca no exist\u00eda una \u201cnota de corte\u201d; simplemente, con aprobar el examen pod\u00edas acceder a cualquiera de las carreras de la Universidad. <\/p>\n\n\n\n<p>Paloma estaba veraneando en una aldea cuando se abri\u00f3 el plazo de matriculaci\u00f3n; cuando volvi\u00f3, descubri\u00f3 que su padre la hab\u00eda inscrito en la carrera de Farmacia. El le ofreci\u00f3 la opci\u00f3n de cambiar de carrera, pero ella, sin ninguna vocaci\u00f3n clara, prefiri\u00f3 asumir la decisi\u00f3n.<\/p>\n\n\n\n<p>En 1965, tras acabar la carrera y mientras hac\u00eda la tesina, entr\u00f3 a trabajar en una farmacia como ayudante. No cobraba mucho, 1500 pesetas al mes, pero por aquel entonces le bastaba para ir al cine los fines de semana y disponer de dinero propio. All\u00ed trabaja un a\u00f1o, hasta que le ofrecen un trabajo como profesora adjunta en la Universidad, donde empezar\u00e1 a cobrar un sueldo de 6.000 pesetas mensuales. Es entonces cuando conoce a Francisco Caama\u00f1o Pajares, el que ser\u00e1 su marido, que acababa de aprobar las oposiciones de juez.<\/p>\n\n\n\n<p>Francisco ser\u00e1 destinado al poco tiempo a Noya. A pesar de que la localidad esta solamente a treinta y cinco kilometros de Santiago, Paloma decide abandonar la Universidad en 1968, para acompa\u00f1ar a Francisco y casarse con \u00e9l: la carretera era mala y el trayecto diario se hacia largo. En los ocho a\u00f1os siguientes, tendr\u00e1 seis hijos: cinco mujeres y un var\u00f3n. \u00ab<em>Ocho a\u00f1os sin trabajar<\/em>\u00ab, en sus palabras, pero que \u00ab<em>es un decir<\/em>\u00bb con esa rapazada.<\/p>\n\n\n\n<p>Cuando su hija m\u00e1s peque\u00f1a cumple dos a\u00f1os, en 1976, se \u201creincorpora al mundo laboral\u201d, y abre una farmacia en Vistalegre, un barrio trabajador de Santiago, cercano al antiguo hospital. Le hac\u00eda competencia su hermana Catalina, que ten\u00eda otra farmacia a escasos doscientos metros.<\/p>\n\n\n\n<p>El local med\u00eda aproximadamente unos setenta metros cuadrados y estaba dividido en cuatro estancias: la tienda en s\u00ed, una sala con una camilla, un peque\u00f1o ba\u00f1o y un almac\u00e9n en el que hab\u00eda una <em>poyata<\/em>, instalaci\u00f3n que hab\u00eda en las farmacias para preparar las mezclas que indicaban los m\u00e9dicos.<\/p>\n\n\n\n<p>Echando la vista atr\u00e1s y viendo las cosas que nos cuenta Paloma de sus a\u00f1os como farmac\u00e9utica, no nos vienen otras ideas que las de <em>anarqu\u00eda<\/em> o <em>inocencia<\/em>, tanto de los m\u00e9dicos como de los pacientes. Como la historia de aquella paciente a la que le hab\u00edan recetado tomarse una pastilla con cada comida. La paciente acudi\u00f3 a la farmacia a decirle a Paloma que era incapaz de comerse la pastilla, ni acompa\u00f1\u00e1ndola con patatas: la se\u00f1ora pensaba que hab\u00eda que masticarla antes de tragarla y, claro, la pastilla no sab\u00eda muy bien.<\/p>\n\n\n\n<p>O aquella prueba de sangre, para detectar la \u201csubnormalidad\u201d, que consist\u00eda en pinchar el tal\u00f3n del reci\u00e9n nacido, para sacar unas gotas de sangre, que se pon\u00edan sobre unas tiras de papel para enviarlas a analizar.<\/p>\n\n\n\n<div class=\"wp-block-image\"><figure class=\"alignright size-large is-resized\"><img loading=\"lazy\" decoding=\"async\" src=\"https:\/\/lajueya.net\/wp-content\/uploads\/2022\/02\/abuelo-y-abuela-1024x1021.jpg\" alt=\"\" class=\"wp-image-9603\" width=\"336\" height=\"335\"\/><figcaption>Paloma con su marido Francisco\/ fuente familiar.<\/figcaption><\/figure><\/div>\n\n\n\n<p>Eran tiempos en los que la sociedad no ve\u00eda mal mezclar antibi\u00f3ticos y alcohol. Paloma se acuerda de recomendar constantemente a los clientes que no los juntaran, \u201c<em>a los aficionados al vino ya no les dec\u00edas nada<\/em>\u201d recuerda. Eran tiempos en los que los antibi\u00f3ticos se daban sin receta, los propios farmac\u00e9uticos pod\u00edan indicarlos, y se prescrib\u00edan de forma habitual para cualquier afecci\u00f3n leve de garganta<\/p>\n\n\n\n<p>Trabaj\u00f3 durante los primeros diez a\u00f1os sola, aunque acogi\u00f3 siempre a alumnos en pr\u00e1cticas, que estaban en los \u00faltimos cursos de Farmacia. El primer horario que tuvo, antes de contratar a empleados, era de 10:00 a 14:00 y de 16:00 a 20:00, a lo que hab\u00eda que a\u00f1adirle las guardias, que les tocaban cada 8 d\u00edas e iban de 9:30 a 22:30.<\/p>\n\n\n\n<p>Mas adelante, contrat\u00f3 a un chico que hab\u00eda estado de pr\u00e1cticas con ella, Miguel, que hoy en d\u00eda sigue como empleado en una farmacia cercana.<\/p>\n\n\n\n<p>\u00c1ngeles se jubilo en 2007, ya con seis nietos. Hoy vive junto a Paco, su marido, en un piso de San Pedro de Mezonzo, un barrio del casco nuevo de Santiago<\/p>\n\n\n\n<p>___________________________________________<\/p>\n\n\n\n<ul class=\"wp-block-list\"><li>Testimonio oral de Maria de los Angeles Isorna Artime, Paloma. 02\/02\/2022.<\/li><\/ul>\n","protected":false},"excerpt":{"rendered":"<p>Curso 1963-1964. Promoci\u00f3n de Licenciados en Farmacia, Universidad de Santiago de Compostela \/ Fuente familiar. Mart\u00edn Barrena | Paula Collado. Mar\u00eda de los Angeles Isorna Artime naci\u00f3 en Santiago de Compostela el 6 de Julio de 1939. Su padre, Enrique, era maestro, mientras que su madre dedic\u00f3 su vida a diferentes tipos de comercio, desde [&hellip;]<\/p>\n","protected":false},"author":1,"featured_media":9602,"comment_status":"closed","ping_status":"open","sticky":false,"template":"","format":"standard","meta":{"_et_pb_use_builder":"off","_et_pb_old_content":"","_et_gb_content_width":"","footnotes":""},"categories":[48,46,44,37],"tags":[],"class_list":["post-9599","post","type-post","status-publish","format-standard","has-post-thumbnail","hentry","category-ciencia","category-curso-2021-2022","category-entrevistas","category-memoria-historica"],"_links":{"self":[{"href":"https:\/\/lajueya.net\/index.php\/wp-json\/wp\/v2\/posts\/9599","targetHints":{"allow":["GET"]}}],"collection":[{"href":"https:\/\/lajueya.net\/index.php\/wp-json\/wp\/v2\/posts"}],"about":[{"href":"https:\/\/lajueya.net\/index.php\/wp-json\/wp\/v2\/types\/post"}],"author":[{"embeddable":true,"href":"https:\/\/lajueya.net\/index.php\/wp-json\/wp\/v2\/users\/1"}],"replies":[{"embeddable":true,"href":"https:\/\/lajueya.net\/index.php\/wp-json\/wp\/v2\/comments?post=9599"}],"version-history":[{"count":7,"href":"https:\/\/lajueya.net\/index.php\/wp-json\/wp\/v2\/posts\/9599\/revisions"}],"predecessor-version":[{"id":9653,"href":"https:\/\/lajueya.net\/index.php\/wp-json\/wp\/v2\/posts\/9599\/revisions\/9653"}],"wp:featuredmedia":[{"embeddable":true,"href":"https:\/\/lajueya.net\/index.php\/wp-json\/wp\/v2\/media\/9602"}],"wp:attachment":[{"href":"https:\/\/lajueya.net\/index.php\/wp-json\/wp\/v2\/media?parent=9599"}],"wp:term":[{"taxonomy":"category","embeddable":true,"href":"https:\/\/lajueya.net\/index.php\/wp-json\/wp\/v2\/categories?post=9599"},{"taxonomy":"post_tag","embeddable":true,"href":"https:\/\/lajueya.net\/index.php\/wp-json\/wp\/v2\/tags?post=9599"}],"curies":[{"name":"wp","href":"https:\/\/api.w.org\/{rel}","templated":true}]}}