{"id":9974,"date":"2022-03-18T01:06:00","date_gmt":"2022-03-18T01:06:00","guid":{"rendered":"https:\/\/lajueya.net\/?p=9974"},"modified":"2022-03-25T09:01:31","modified_gmt":"2022-03-25T09:01:31","slug":"el-tranvia-de-arriondas-a-covadonga","status":"publish","type":"post","link":"https:\/\/lajueya.net\/index.php\/2022\/03\/18\/el-tranvia-de-arriondas-a-covadonga\/","title":{"rendered":"El tranv\u00eda de Arriondas a Covadonga"},"content":{"rendered":"\n<p>Estaci\u00f3n del tranv\u00eda en Cangas de On\u00eds.<\/p>\n\n\n\n<p><strong>Claudia Otero, Luana Crespo y Estefan\u00eda Diez<\/strong><\/p>\n\n\n\n<p>El tranv\u00eda de Arriondas a Covadonga fue inaugurado el 1 de enero de 1908. Un\u00eda Arriondas con El Repelao (Covadonga), tras 17 km de recorrido. En el trayecto hab\u00eda 5 estaciones: Arriondas, Cangas de On\u00eds, Soto de Cangas, La Riera y El Repelao, y 2 apeaderos: Las Rozas y Villanueva.<\/p>\n\n\n\n<p>Fue construido principalmente para el transporte de los minerales (hierro y magnesio) de Buferrera (que posteriormente se transportaban desde Arriondas a Ribadesella, para su embarque a Inglaterra) y para transportar pasajeros. [2] Su construcci\u00f3n supuso unos gastos totales de 600.000 pesetas; de ellas 300.000 fueron pagadas por Ferrocarriles Econ\u00f3micos de Asturias y la otra mitad se emiti\u00f3 en obligaciones p\u00fablicas. Debido a que las v\u00edas se colocaron sobre la calzada  no hubo expropiaci\u00f3n de tierras, lo que hizo que su obra durase tan solo algo m\u00e1s de un a\u00f1o. [1]<\/p>\n\n\n\n<figure class=\"wp-block-image size-full\"><img loading=\"lazy\" decoding=\"async\" width=\"720\" height=\"575\" src=\"https:\/\/lajueya.net\/wp-content\/uploads\/2022\/03\/TranviaenlaentradadeCangas.jpg\" alt=\"\" class=\"wp-image-10157\" srcset=\"https:\/\/lajueya.net\/wp-content\/uploads\/2022\/03\/TranviaenlaentradadeCangas.jpg 720w, https:\/\/lajueya.net\/wp-content\/uploads\/2022\/03\/TranviaenlaentradadeCangas-480x383.jpg 480w\" sizes=\"(min-width: 0px) and (max-width: 480px) 480px, (min-width: 481px) 720px, 100vw\" \/><figcaption>El tranv\u00eda a su paso por el puente de Cangas de On\u00eds.<\/figcaption><\/figure>\n\n\n\n<p>Las v\u00edas ten\u00edan un ancho de 1 metro, al igual que los Ferrocarriles Econ\u00f3micos que enlazaban Arriondas, y por ellas corr\u00edan 3 locomotoras de vapor (n\u00fameros 6497, 6498 y 6499) de la empresa <strong><em>Borsig<\/em><\/strong>, 4 vagones de primera clase y 6 de segunda. Las clases se distingu\u00edan por el color: unos vagones eran de color rojo y otros verdes, y fueron construidos por la empresa Franco-Belga. Su velocidad sol\u00eda ser de 20 Km\/h aunque pod\u00eda llegar a los 40\/Km\/h. [1]<\/p>\n\n\n\n<p>A diario circulaban 8 trenes, cuatro de ida y otros cuatro de vuelta. El precio de los billetes era de 2&#8217;35 pesetas y la duraci\u00f3n del trayecto era de una hora aproximadamente.<\/p>\n\n\n\n<p>Adem\u00e1s de los minerales, sus vagones transportaban toda clase de materiales, como bombas de artiller\u00eda descargadas, carros y carretas desmontados, alpargatas, cajas de coches, cuernos, quesos, sanguijuelas, cenizas del hogar, grava, quesos, etc.<\/p>\n\n\n\n<p>Finalmente el 31 de julio de 1933 el descenso en el transporte de minerales y de pasajeros provoc\u00f3 la suspensi\u00f3n del servicio y por tanto del tranv\u00eda.<\/p>\n\n\n\n<p>Hoy se conservan algunas fotograf\u00edas del tranv\u00eda y sus estaciones, adem\u00e1s, de la estaci\u00f3n del Repelao, que se mantiene casi en su integridad.<\/p>\n\n\n\n<figure class=\"wp-block-image size-large\"><img loading=\"lazy\" decoding=\"async\" width=\"1024\" height=\"768\" src=\"https:\/\/lajueya.net\/wp-content\/uploads\/2022\/03\/EstaciondelRepelao--1024x768.jpg\" alt=\"\" class=\"wp-image-10167\" srcset=\"https:\/\/lajueya.net\/wp-content\/uploads\/2022\/03\/EstaciondelRepelao--980x735.jpg 980w, https:\/\/lajueya.net\/wp-content\/uploads\/2022\/03\/EstaciondelRepelao--480x360.jpg 480w\" sizes=\"(min-width: 0px) and (max-width: 480px) 480px, (min-width: 481px) and (max-width: 980px) 980px, (min-width: 981px) 1024px, 100vw\" \/><figcaption>Estaci\u00f3n del Repelao en la actualidad.<\/figcaption><\/figure>\n\n\n\n<hr class=\"wp-block-separator\" \/>\n\n\n\n<p>Fuentes:<\/p>\n\n\n\n<ul class=\"wp-block-list\"><li>Blog de \u00abEuroFerroviarios\u00bb. Tranv\u00eda a Vapor de Arriondas a Covadonga (L\u00ednea FC). 08\/09\/2009. Peris Torner, Juan. Consultado: 20\/02\/2022. [1]<\/li><li>TREVI\u00d1O, V. \u00abEl tranv\u00eda m\u00e1s ic\u00f3nico de Asturias\u00bb. 26\/10\/2018.  El Comercio, Consultado: 20\/02\/2022. [2]<\/li><li>Im\u00e1genes: Jos\u00e9 Antonio Crespo, Claudia Otero y Ana Vely del Campo.<\/li><\/ul>\n\n\n\n<p><\/p>\n","protected":false},"excerpt":{"rendered":"<p>Estaci\u00f3n del tranv\u00eda en Cangas de On\u00eds. Claudia Otero, Luana Crespo y Estefan\u00eda Diez El tranv\u00eda de Arriondas a Covadonga fue inaugurado el 1 de enero de 1908. Un\u00eda Arriondas con El Repelao (Covadonga), tras 17 km de recorrido. En el trayecto hab\u00eda 5 estaciones: Arriondas, Cangas de On\u00eds, Soto de Cangas, La Riera y [&hellip;]<\/p>\n","protected":false},"author":1,"featured_media":10153,"comment_status":"closed","ping_status":"open","sticky":false,"template":"","format":"standard","meta":{"_et_pb_use_builder":"","_et_pb_old_content":"","_et_gb_content_width":"","footnotes":""},"categories":[46,45,17,24],"tags":[],"class_list":["post-9974","post","type-post","status-publish","format-standard","has-post-thumbnail","hentry","category-curso-2021-2022","category-historia","category-motor","category-singulares"],"_links":{"self":[{"href":"https:\/\/lajueya.net\/index.php\/wp-json\/wp\/v2\/posts\/9974","targetHints":{"allow":["GET"]}}],"collection":[{"href":"https:\/\/lajueya.net\/index.php\/wp-json\/wp\/v2\/posts"}],"about":[{"href":"https:\/\/lajueya.net\/index.php\/wp-json\/wp\/v2\/types\/post"}],"author":[{"embeddable":true,"href":"https:\/\/lajueya.net\/index.php\/wp-json\/wp\/v2\/users\/1"}],"replies":[{"embeddable":true,"href":"https:\/\/lajueya.net\/index.php\/wp-json\/wp\/v2\/comments?post=9974"}],"version-history":[{"count":12,"href":"https:\/\/lajueya.net\/index.php\/wp-json\/wp\/v2\/posts\/9974\/revisions"}],"predecessor-version":[{"id":10290,"href":"https:\/\/lajueya.net\/index.php\/wp-json\/wp\/v2\/posts\/9974\/revisions\/10290"}],"wp:featuredmedia":[{"embeddable":true,"href":"https:\/\/lajueya.net\/index.php\/wp-json\/wp\/v2\/media\/10153"}],"wp:attachment":[{"href":"https:\/\/lajueya.net\/index.php\/wp-json\/wp\/v2\/media?parent=9974"}],"wp:term":[{"taxonomy":"category","embeddable":true,"href":"https:\/\/lajueya.net\/index.php\/wp-json\/wp\/v2\/categories?post=9974"},{"taxonomy":"post_tag","embeddable":true,"href":"https:\/\/lajueya.net\/index.php\/wp-json\/wp\/v2\/tags?post=9974"}],"curies":[{"name":"wp","href":"https:\/\/api.w.org\/{rel}","templated":true}]}}