{"id":9981,"date":"2022-03-18T01:10:00","date_gmt":"2022-03-18T01:10:00","guid":{"rendered":"https:\/\/lajueya.net\/?p=9981"},"modified":"2022-03-25T09:04:06","modified_gmt":"2022-03-25T09:04:06","slug":"testimonio-de-vicenta-aller","status":"publish","type":"post","link":"https:\/\/lajueya.net\/index.php\/2022\/03\/18\/testimonio-de-vicenta-aller\/","title":{"rendered":"Testimonio de Vicenta Aller"},"content":{"rendered":"\n<p>Vicenta Aller Mejido, 1975, Asturias, autor desconocido.<\/p>\n\n\n\n<p><strong>Sheila Noriega, Adriel G\u00f3mez, Almudena Recuero y Diego Gonz\u00e1lez.<\/strong><\/p>\n\n\n\n<p>Vicenta Aller Mejido, una mujer de 74 a\u00f1os, naci\u00f3 en el concejo de Aller, concretamente en Moreda, en un edificio destinado a los mineros. Ella era la peque\u00f1a de cuatro hermanos y, con tan solo 6 a\u00f1os, vio como los hombres de Francisco Franco ven\u00edan a asesinar a su padre minero que se escond\u00eda en un s\u00f3tano, pero antes de que lo encontrasen, apoy\u00f3 la boca de una pistola cargada en su sien y, nada m\u00e1s abrir la trampilla, apret\u00f3 el gatillo suicid\u00e1ndose. La madre de Vicenta, una mujer viuda y con 4 hijos, tuvo que salir a trabajar, aunque por ser viuda de un minero recib\u00eda bastantes ayudas. Adem\u00e1s de la paga de viudedad contaba con algunos apoyos para que sus hijos pudiesen estudiar en la Universidad Laboral, que en ese entonces admit\u00eda a los ni\u00f1os hu\u00e9rfanos de mineros. Tambi\u00e9n ten\u00edan tarjetas para el <em>economato<\/em> (un establecimiento con comida m\u00e1s barata de lo normal). <\/p>\n\n\n\n<p>Vicenta, a los 14 a\u00f1os, emigr\u00f3 a Alemania en busca de dinero para ayudar en casa. All\u00ed se encontraba ya una de sus hermanas y su cu\u00f1ado, por lo que le fue un poco m\u00e1s llevadera la estancia. Busc\u00f3 trabajo en todas las empresas que pudo, pero en ninguna la aceptaban por su corta edad, as\u00ed que volvi\u00f3 a Espa\u00f1a. All\u00ed no pintaba nada si no pod\u00eda trabajar.<\/p>\n\n\n\n<p>Al volver a Espa\u00f1a, ayudaba en casa con el ganado que su madre ten\u00eda. Si hac\u00eda falta, sacrificaba alguna para comer: esa era la \u00fanica forma de tener asegurada la comida. Tras cuatro a\u00f1os en Espa\u00f1a, volvi\u00f3 a emigrar, pero esta vez a Francia; all\u00ed se encontraban otra hermana suya con su respectivo marido. Esta vez tuvo suerte y consigui\u00f3 entrar a trabajar en una f\u00e1brica de relojes.<\/p>\n\n\n\n<p>En Francia le fue bien. Viv\u00eda en un barrio que contaba con muchas personas de origen asturiano, as\u00ed que hizo amistades. Al llegar le dieron un libro para aprender franc\u00e9s y una amiga francesa le ayud\u00f3. Adem\u00e1s de la f\u00e1brica de relojes, tambi\u00e9n estuvo trabajando en los peajes de las autopistas y en una f\u00e1brica de piezas de avi\u00f3n. Recuerda con mucho cari\u00f1o la f\u00e1brica de relojes: all\u00ed cantaba en espa\u00f1ol canciones de Antonio Molina y Manolo Escobar mientras trabajaba, lo que a su jefe le gustaba mucho. Un d\u00eda su madre hab\u00eda enfermado, y ella dejo de cantar. El jefe, preocupado, le pregunt\u00f3 que por la raz\u00f3n de su silencio; Tras explicar la situaci\u00f3n, el jefe le dio una semana libre para ir a acompa\u00f1ar a su madre, que finalmente falleci\u00f3.<\/p>\n\n\n\n<p>Con 18 a\u00f1os, a trav\u00e9s de su amiga francesa, conoci\u00f3 a Francisco Noriega, un joven del oriente asturiano, que m\u00e1s tarde ser\u00eda su marido. Dice que fue un flechazo, y realmente lo fue, porque a los nueve meses de noviazgo contrajeron matrimonio, y un a\u00f1o despu\u00e9s, nacer\u00eda su primer hijo por ces\u00e1rea, y 10 meses despu\u00e9s, el segundo.<\/p>\n\n\n\n<figure class=\"wp-block-image is-resized\"><img loading=\"lazy\" decoding=\"async\" src=\"https:\/\/investiga.puenteromano.net\/wp-content\/uploads\/2020\/12\/IMG_20201220_143304-1-655x1024.jpg\" alt=\"\" class=\"wp-image-1339\" width=\"287\" height=\"448\"\/><figcaption>Vicenta Aller Mejido y Francisco Noriega Rojo, Francia 1972 Autor desconocido.<\/figcaption><\/figure>\n\n\n\n<p>A los ocho a\u00f1os de nacer su \u00faltimo hijo volvi\u00f3 a Espa\u00f1a, otra vez a su tierra, Asturias, esta vez con su marido. Como no encontraron trabajo, empezaron en el sector ganadero consiguiendo hacer uno de los mejores quesos Cabrales del puerto&#8230; hasta que la consejer\u00eda empez\u00f3 a exigir naves y dem\u00e1s requisitos que dificultaban el proceso. Sus hijos estudiaron en el colegio de Las Arenas de Cabrales y en el colegio Reconquista de Cangas de On\u00eds, residiendo durante la semana en el internado.<\/p>\n\n\n\n<figure class=\"wp-block-image is-resized\"><img loading=\"lazy\" decoding=\"async\" src=\"https:\/\/investiga.puenteromano.net\/wp-content\/uploads\/2020\/12\/IMG_20201220_143105-1-1024x663.jpg\" alt=\"\" class=\"wp-image-1336\" width=\"473\" height=\"305\"\/><figcaption>En el centro, la casa en que viv\u00edan. Routel, Bensancon, Francia. Vicenta Aller.<\/figcaption><\/figure>\n\n\n\n<p>Vicenta, fue toda una referencia en el Concejo. Al venir del pa\u00eds de la moda, trajo las minifaldas a Cabrales, siendo la primera mujer en usarlas en la zona. Recibi\u00f3 muchas cr\u00edticas por ello, pero eso no hizo que dejara de usarla. Dos a\u00f1os despu\u00e9s comenzaron a llevarlas el resto de mujeres.<\/p>\n\n\n\n<p>A los 65 a\u00f1os de edad, ella y su marido dejaron el ganado, jubil\u00e1ndose con una pensi\u00f3n m\u00ednima. Hoy, con 74 a\u00f1os, se ve afectada por la misma enfermedad de su madre (enfermedad desconocida, que obliga a una silla de ruedas) pero no deja de sonre\u00edr ni de contar sus historias de joven, aunque suele decir que est\u00e1 \u00ab<em>como una casa cayendo<\/em>\u00bb o \u00ab<em>tirando<\/em>\u00ab. Ella se encuentra feliz, orgullosa de todo lo que hizo en solitario y con su marido, y dice que no cambiar\u00eda nada de su pasado porque, si lleg\u00f3 a donde lleg\u00f3, se debe a todo lo recorrido.<\/p>\n\n\n\n<p>________________________________________<\/p>\n\n\n\n<ul class=\"wp-block-list\"><li>Toda la informaci\u00f3n ha sido obtenida del testimonio Vicenta Aller Mejido. <\/li><\/ul>\n","protected":false},"excerpt":{"rendered":"<p>Vicenta Aller Mejido, 1975, Asturias, autor desconocido. Sheila Noriega, Adriel G\u00f3mez, Almudena Recuero y Diego Gonz\u00e1lez. Vicenta Aller Mejido, una mujer de 74 a\u00f1os, naci\u00f3 en el concejo de Aller, concretamente en Moreda, en un edificio destinado a los mineros. Ella era la peque\u00f1a de cuatro hermanos y, con tan solo 6 a\u00f1os, vio como [&hellip;]<\/p>\n","protected":false},"author":1,"featured_media":10208,"comment_status":"closed","ping_status":"open","sticky":false,"template":"","format":"standard","meta":{"_et_pb_use_builder":"","_et_pb_old_content":"","_et_gb_content_width":"","footnotes":""},"categories":[25,46,37,39],"tags":[],"class_list":["post-9981","post","type-post","status-publish","format-standard","has-post-thumbnail","hentry","category-actualidad","category-curso-2021-2022","category-memoria-historica","category-tradiciones"],"_links":{"self":[{"href":"https:\/\/lajueya.net\/index.php\/wp-json\/wp\/v2\/posts\/9981","targetHints":{"allow":["GET"]}}],"collection":[{"href":"https:\/\/lajueya.net\/index.php\/wp-json\/wp\/v2\/posts"}],"about":[{"href":"https:\/\/lajueya.net\/index.php\/wp-json\/wp\/v2\/types\/post"}],"author":[{"embeddable":true,"href":"https:\/\/lajueya.net\/index.php\/wp-json\/wp\/v2\/users\/1"}],"replies":[{"embeddable":true,"href":"https:\/\/lajueya.net\/index.php\/wp-json\/wp\/v2\/comments?post=9981"}],"version-history":[{"count":12,"href":"https:\/\/lajueya.net\/index.php\/wp-json\/wp\/v2\/posts\/9981\/revisions"}],"predecessor-version":[{"id":10295,"href":"https:\/\/lajueya.net\/index.php\/wp-json\/wp\/v2\/posts\/9981\/revisions\/10295"}],"wp:featuredmedia":[{"embeddable":true,"href":"https:\/\/lajueya.net\/index.php\/wp-json\/wp\/v2\/media\/10208"}],"wp:attachment":[{"href":"https:\/\/lajueya.net\/index.php\/wp-json\/wp\/v2\/media?parent=9981"}],"wp:term":[{"taxonomy":"category","embeddable":true,"href":"https:\/\/lajueya.net\/index.php\/wp-json\/wp\/v2\/categories?post=9981"},{"taxonomy":"post_tag","embeddable":true,"href":"https:\/\/lajueya.net\/index.php\/wp-json\/wp\/v2\/tags?post=9981"}],"curies":[{"name":"wp","href":"https:\/\/api.w.org\/{rel}","templated":true}]}}