{"id":9985,"date":"2022-03-18T01:13:00","date_gmt":"2022-03-18T01:13:00","guid":{"rendered":"https:\/\/lajueya.net\/?p=9985"},"modified":"2022-03-18T08:18:42","modified_gmt":"2022-03-18T08:18:42","slug":"el-bollu-y-la-peruyal","status":"publish","type":"post","link":"https:\/\/lajueya.net\/index.php\/2022\/03\/18\/el-bollu-y-la-peruyal\/","title":{"rendered":"El Bollu y la Peruyal"},"content":{"rendered":"\n<p>Imagen de la mayor parte de la primera directiva del Bollu (Cuadriello, Tomas Cueto, Antonio Ichaso y Lin\u00f3n), junto a la abuela de Ichaso<\/p>\n\n\n\n<p><\/p>\n\n\n\n<p><strong>Irati Aranzeta Sacrist\u00e1n, Jimena Arena Barreiro y Silvia Gonzalez<\/strong>.<\/p>\n\n\n\n<p>La conocida fiesta del Bollu, del barrio de la Peruyal de Arriondas, lleva desde hace setenta y dos a\u00f1os atrayendo a gentes tanto de la comunidad como a for\u00e1neos en una tradici\u00f3n que supone, durante tres d\u00edas, un punto de uni\u00f3n para todos los vecinos del concejo. <\/p>\n\n\n\n<p>Sus inicios se remontan al a\u00f1o 1949 cuando los cinco fundadores de la fiesta y de la Sociedad de la \u00bbPeruyal\u00bb ( Antonio Ichaso, Luis Almeida \u201cLin\u00f3n\u201d, Manuel Cuadriello, Celso Rodr\u00edguez y Tom\u00e1s Cueto) pusieron en marcha la idea. El objetivo era el de que su barrio, La Peruyal, pudiera disfrutar de su propia fiesta, al igual que lo hac\u00edan muchos otros barrios de Arriondas, como por ejemplo Casta\u00f1era con \u00bbLa fiesta del Gallu\u00bb, o El Casta\u00f1eu con \u00bbLa fiesta de la Casta\u00f1a\u00bb. Por aquel entonces, ya era t\u00edpico en otras localidades asturianas como Oviedo o Avil\u00e9s, la celebraci\u00f3n de la fiesta del Bollo, en la que se repart\u00eda un torrezno, bollo y vino. <\/p>\n\n\n\n<div class=\"wp-block-columns alignwide is-layout-flex wp-container-core-columns-is-layout-9d6595d7 wp-block-columns-is-layout-flex\">\n<div class=\"wp-block-column is-layout-flow wp-block-column-is-layout-flow\" style=\"flex-basis:42%\">\n<figure class=\"wp-block-image size-large is-style-default\"><img loading=\"lazy\" decoding=\"async\" width=\"740\" height=\"1024\" src=\"https:\/\/lajueya.net\/wp-content\/uploads\/2022\/03\/Calle-general-de-Arriondas-el-dia-del-Bollu-durante-el-desfile-de-carrozas-del-ano-1965-740x1024.png\" alt=\"\" class=\"wp-image-10056\" srcset=\"https:\/\/lajueya.net\/wp-content\/uploads\/2022\/03\/Calle-general-de-Arriondas-el-dia-del-Bollu-durante-el-desfile-de-carrozas-del-ano-1965-740x1024.png 740w, https:\/\/lajueya.net\/wp-content\/uploads\/2022\/03\/Calle-general-de-Arriondas-el-dia-del-Bollu-durante-el-desfile-de-carrozas-del-ano-1965-480x664.png 480w\" sizes=\"(min-width: 0px) and (max-width: 480px) 480px, (min-width: 481px) 740px, 100vw\" \/><figcaption>Calle general de Arriondas el d\u00eda del Bollu durante el desfile de carrozas del a\u00f1o 1965<\/figcaption><\/figure>\n<\/div>\n\n\n\n<div class=\"wp-block-column is-layout-flow wp-block-column-is-layout-flow\" style=\"flex-basis:58%\">\n<p> En un inicio, se barajaron otras fechas para su celebraci\u00f3n, como por ejemplo el primer lunes que siguiese al d\u00eda de Covadonga, cuya celebraci\u00f3n en aquellos tiempos era el nueve de septiembre y que m\u00e1s tarde se traslad\u00f3 al ocho.<\/p>\n\n\n\n<p>Sin embargo, la primera edici\u00f3n de la fiesta se celebr\u00f3 el 20 de agosto de 1950  en el \u201cPr\u00e1u les Llamargues\u201d, desaparecido hace a\u00f1os en la Avda. de la Constituci\u00f3n. No obstante, solo se celebr\u00f3 en tal fecha en esa ocasi\u00f3n, pues desde el a\u00f1o siguiente qued\u00f3 fijado el \u00faltimo domingo de julio como <strong>D\u00eda del Bollu<\/strong>. <\/p>\n\n\n\n<p>Durante varios a\u00f1os la fiesta tuvo lugar en diferentes localizaciones de Arriondas, como \u201cEl Ronderu\u201d, \u201cEl Barcu\u201d y \u201cLa Dehesina\u201d, hasta que finalmente se opt\u00f3 por celebrarla en el Parque de la Concordia, creado entre el r\u00edo Pilo\u00f1a y el Sella hace treinta y seis a\u00f1os. <\/p>\n\n\n\n<p>En aquella \u00e9poca los festejos sol\u00edan incluir una misa en homenaje a los socios fallecidos durante el a\u00f1o, por lo que la directiva del Bollu se reuni\u00f3 con el p\u00e1rroco de Arriondas, don Rafael \u00c1lvarez Garc\u00eda en aquel momento, quien propuso que el patrono de la fiesta recibiese el nombre del santo de su fecha inicial. Como en un principio era el 20 de agosto, el patr\u00f3n ser\u00eda San Bernardo de Claraval. <\/p>\n<\/div>\n<\/div>\n\n\n\n<div class=\"wp-block-columns alignwide is-layout-flex wp-container-core-columns-is-layout-9d6595d7 wp-block-columns-is-layout-flex\">\n<div class=\"wp-block-column is-layout-flow wp-block-column-is-layout-flow\" style=\"flex-basis:42%\">\n<figure class=\"wp-block-image size-full is-resized\"><img loading=\"lazy\" decoding=\"async\" src=\"https:\/\/lajueya.net\/wp-content\/uploads\/2022\/03\/Imagen-de-la-fiesta-el-Bollu-de-1968-de-los-bailes-tradicionales-con-la-vestimenta-tradicional.jpg\" alt=\"\" class=\"wp-image-10057\" width=\"333\" height=\"220\"\/><figcaption>Imagen de la fiesta el Bollu de 1968 de los bailes tradicionales con la vestimenta tradicional<\/figcaption><\/figure>\n<\/div>\n\n\n\n<div class=\"wp-block-column is-layout-flow wp-block-column-is-layout-flow\" style=\"flex-basis:58%\">\n<p class=\"has-small-font-size\">Desde 1980 tiene lugar la \u201cnovena sonora\u201d, que consiste en un anuncio del festejo pues los nueve d\u00edas que preceden al del Bollu se lanza un potente volador a las nueve en punto de la noche para avivar el esp\u00edritu festivo del pueblo. <\/p>\n\n\n\n<p class=\"has-small-font-size\">La Fiesta del Bollu dura tres d\u00edas; comienza con la noche de la Kermesse, que tiene lugar el s\u00e1bado y en la que el pueblo se re\u00fane en la Plaza de la Llera en torno a una orquesta. All\u00ed tiene lugar la presentaci\u00f3n de la Reina y de las dos Damas del Bollu, del propio a\u00f1o. Para participar en la elecci\u00f3n, las j\u00f3venes del pueblo que ese a\u00f1o cumplan dieciocho, han de presentarse como candidatas, eligiendo la directiva a tres de ellas en el conjunto<\/p>\n<\/div>\n<\/div>\n\n\n\n<p>El d\u00eda grande tiene lugar el domingo, y desde primera hora de la ma\u00f1ana se vive con gran ilusi\u00f3n; bandas de gaitas recorren las calles de Arriondas despertando a sus habitantes, quienes pronto han de vestirse con los trajes tradicionales de aldeano o llanisco. Por la tarde decenas de carrozas participan en el desfile anual, que se inicia en el \u00c1rea Deportiva y finaliza en el Parque de la Concordia, donde se re\u00fane todo el pueblo para el reparto y merienda del tradicional <em>bollu<\/em>, antes del inicio de la verbena. El bollu pre\u00f1au asturiano es un bollo hecho de harina de trigo, levadura, agua y yemas de huevo, relleno de un trozo de chorizo.  <\/p>\n\n\n\n<p>El \u00faltimo d\u00eda del festejo es el lunes, el <em>D\u00eda del Boll\u00edn<\/em>. Por la tarde se organizan juegos para los ni\u00f1os y j\u00f3venes en la Plaza de la LLera, y m\u00e1s tarde una guerra de agua y espuma en el Parque de La Peruyal, mientras el resto del pueblo merienda de nuevo en com\u00fan. En este caso se disfruta del boll\u00edn, que es similar al bollu del d\u00eda anterior, pero de menor tama\u00f1o. Por \u00faltimo, una charanga anima las calles del pueblo, acompa\u00f1ada por la gente que continua la guerra de agua y que pide a las personas que les observan desde los balcones que les tiren m\u00e1s cubos con agua. <\/p>\n\n\n\n<div class=\"wp-block-media-text alignwide is-stacked-on-mobile\"><figure class=\"wp-block-media-text__media\"><img loading=\"lazy\" decoding=\"async\" width=\"800\" height=\"878\" src=\"https:\/\/lajueya.net\/wp-content\/uploads\/2022\/03\/imagen-de-las-cuenta-del-ano-1950-a-1957.png\" alt=\"\" class=\"wp-image-10055 size-full\" srcset=\"https:\/\/lajueya.net\/wp-content\/uploads\/2022\/03\/imagen-de-las-cuenta-del-ano-1950-a-1957.png 800w, https:\/\/lajueya.net\/wp-content\/uploads\/2022\/03\/imagen-de-las-cuenta-del-ano-1950-a-1957-480x527.png 480w\" sizes=\"(min-width: 0px) and (max-width: 480px) 480px, (min-width: 481px) 800px, 100vw\" \/><\/figure><div class=\"wp-block-media-text__content\">\n<p class=\"has-medium-font-size\">En los \u00faltimos a\u00f1os, la Sociedad de la Peruyal cuenta con unos 2.600 socios, y tiene unos gastos pr\u00f3ximos a los 100.000 euros. La cifra refleja la gran evoluci\u00f3n de la fiesta, pues en su primera edici\u00f3n, el gasto no super\u00f3 las 7.271,87 pesetas, que equivalen a 43,70 euros actuales. <\/p>\n\n\n\n<p class=\"has-medium-font-size\">La diferencia de gastos sigue siendo notable aun comparando la cifra actual con la de su octava edici\u00f3n, en la que se gastaron 42.512,40 pesetas, que equivalen a 255,50 euros.<\/p>\n<\/div><\/div>\n\n\n\n<p>Imagen de las cuentas de los gastos e ingresos de la Peruyal entre 1950 y 1957<\/p>\n\n\n\n<p>El 30 de noviembre de 2021, tras una larga enfermedad, falleci\u00f3 a los 75 a\u00f1os en el Hospital Grande Covi\u00e1n el presidente de la Sociedad de La Peruyal, Juan Antonio Caldevilla Guti\u00e9rrez, Toni, como era conocido en Arriondas, y qued\u00f3 La Peruyal sin nadie que sacase adelante la fiesta. Tras unos meses de incertidumbre, el pasado 11 de marzo se realiz\u00f3 una asamblea general extraordinaria en la Casa de Cultura de Arriondas con el fin de retomar la tradici\u00f3n en este 2022, despu\u00e9s de dos a\u00f1os sin celebrarse. Finalmente, un grupo de j\u00f3venes de la Sociedad asumi\u00f3 la responsabilidad de organizar la fiesta, y pr\u00f3ximamente se realizar\u00e1 una nueva asamblea para la elecci\u00f3n de la nueva junto directiva. <\/p>\n\n\n\n<p>Afortunadamente, podremos seguir disfrutando de la Fiesta del Bollu muchos a\u00f1os m\u00e1s.<\/p>\n\n\n\n<p class=\"has-medium-font-size\"><strong><em>Fuentes: <\/em><\/strong><\/p>\n\n\n\n<ul class=\"wp-block-list\"><li>Diario digital de Arriondas y su concejo. <a href=\"https:\/\/www.arriondas.com\/\">https:\/\/www.arriondas.com\/<\/a><\/li><li><a href=\"https:\/\/www.ayto-parres.es\/c\/document_library\/get_file?uuid=468250d6-e0aa-463e-b42b-2119e8a66033&amp;groupId=188680\">Desde El Carmen hasta La Peruyal.<\/a> Art\u00edculo de Francisco Jos\u00e9 Rozada Mart\u00ednez, cronista de Parres<\/li><li><a href=\"https:\/\/www.ayto-parres.es\/c\/document_library\/get_file?uuid=2c8136d9-5814-4536-bc23-167aa4e0824b&amp;groupId=188680\">Fiesta del Bollu. Un patronazgo razonable.<\/a> Art\u00edculo de Francisco Jos\u00e9 Rozada<\/li><li>Im\u00e1genes obtenidas de los art\u00edculos y de la p\u00e1gina oficial de la Sociedad de la Peruyal<\/li><\/ul>\n\n\n\n<p><\/p>\n","protected":false},"excerpt":{"rendered":"<p>Imagen de la mayor parte de la primera directiva del Bollu (Cuadriello, Tomas Cueto, Antonio Ichaso y Lin\u00f3n), junto a la abuela de Ichaso Irati Aranzeta Sacrist\u00e1n, Jimena Arena Barreiro y Silvia Gonzalez. La conocida fiesta del Bollu, del barrio de la Peruyal de Arriondas, lleva desde hace setenta y dos a\u00f1os atrayendo a gentes [&hellip;]<\/p>\n","protected":false},"author":1,"featured_media":10269,"comment_status":"closed","ping_status":"open","sticky":false,"template":"","format":"standard","meta":{"_et_pb_use_builder":"off","_et_pb_old_content":"","_et_gb_content_width":"","footnotes":""},"categories":[14,46,35,45,37,39],"tags":[],"class_list":["post-9985","post","type-post","status-publish","format-standard","has-post-thumbnail","hentry","category-cultura","category-curso-2021-2022","category-destacados","category-historia","category-memoria-historica","category-tradiciones"],"_links":{"self":[{"href":"https:\/\/lajueya.net\/index.php\/wp-json\/wp\/v2\/posts\/9985","targetHints":{"allow":["GET"]}}],"collection":[{"href":"https:\/\/lajueya.net\/index.php\/wp-json\/wp\/v2\/posts"}],"about":[{"href":"https:\/\/lajueya.net\/index.php\/wp-json\/wp\/v2\/types\/post"}],"author":[{"embeddable":true,"href":"https:\/\/lajueya.net\/index.php\/wp-json\/wp\/v2\/users\/1"}],"replies":[{"embeddable":true,"href":"https:\/\/lajueya.net\/index.php\/wp-json\/wp\/v2\/comments?post=9985"}],"version-history":[{"count":9,"href":"https:\/\/lajueya.net\/index.php\/wp-json\/wp\/v2\/posts\/9985\/revisions"}],"predecessor-version":[{"id":10271,"href":"https:\/\/lajueya.net\/index.php\/wp-json\/wp\/v2\/posts\/9985\/revisions\/10271"}],"wp:featuredmedia":[{"embeddable":true,"href":"https:\/\/lajueya.net\/index.php\/wp-json\/wp\/v2\/media\/10269"}],"wp:attachment":[{"href":"https:\/\/lajueya.net\/index.php\/wp-json\/wp\/v2\/media?parent=9985"}],"wp:term":[{"taxonomy":"category","embeddable":true,"href":"https:\/\/lajueya.net\/index.php\/wp-json\/wp\/v2\/categories?post=9985"},{"taxonomy":"post_tag","embeddable":true,"href":"https:\/\/lajueya.net\/index.php\/wp-json\/wp\/v2\/tags?post=9985"}],"curies":[{"name":"wp","href":"https:\/\/api.w.org\/{rel}","templated":true}]}}